{"id":4,"date":"2010-03-15T13:58:35","date_gmt":"2010-03-15T12:58:35","guid":{"rendered":"http:\/\/www.2010raum3.de\/raum3\/?p=4"},"modified":"2010-05-17T18:31:03","modified_gmt":"2010-05-17T17:31:03","slug":"artikel-2","status":"publish","type":"post","link":"http:\/\/www.2010raum3.de\/?p=4","title":{"rendered":"<font color=\"#66B1F1\">Karen Irmer <font class=\"undzeichen\">&#038;<\/font> Angela Stauber<\/font>"},"content":{"rendered":"<blockquote>\n<p style=\"text-align: center;\"><strong><em>Himmel sehen<\/em><\/strong><\/p>\n<p style=\"text-align: center;\"><strong><em><br \/>\n<\/em><\/strong><\/p>\n<\/blockquote>\n<p style=\"text-align: center;\">Vernissage 09. Mai 2010 11 &#8211; 18h<\/p>\n<p style=\"text-align: center;\">Ausstellungsdauer 09. bis 30. Mai 2010<\/p>\n<p style=\"text-align: center;\">\n<p style=\"text-align: center;\">\n<p style=\"text-align: center;\">\n<p style=\"text-align: center;\"><strong><br \/>\n<\/strong><\/p>\n<p><strong><em> <\/em><\/strong><br \/>\n<strong><em>Himmel sehen <\/em><\/strong>\u2013 der Titel der Ausstellung spiegelt die wichtigsten Sujets der K\u00fcnstlerinnen <strong>Karen Irmer\u00a0<span style=\"font-weight: normal;\">und <strong>Angela Stauber <\/strong>wieder: Es geht um das schlichte und doch stets polyperspektivische Sehen und\u00a0Wahrnehmen, einschlie\u00dflich dem verborgenen <em>Dahinter.<\/em><\/span><\/strong><\/p>\n<p><em><span style=\"font-style: normal;\">Der Blick in den Himmel, der Blick in diese scheinbare Leere ist auf den zweiten Blick ein tr\u00fcgerischer.\u00a0Denn der Blick auf ein Motiv wie den Himmel verspricht zun\u00e4chst Weite, Freiheit und Offenheit und kann\u00a0sich doch als Illusion, als eine Verstellung eines tats\u00e4chlichen freien Blickes entpuppen. Diese\u00a0verschiedenen Blicke sichtbar zu machen, den einen mittels des anderen, das Tr\u00fcgerische, die Illusion\u00a0und eben den im Verborgen liegenden Blick sichtbar zu machen \u2013 dies ist Thema, Motiv und k\u00fcnstlerische\u00a0Auseinandersetzung von Karen Irmer und Angela Stauber.<\/span><\/em><\/p>\n<p>Beide K\u00fcnstlerinnen schaffen subtile, hintergr\u00fcndige Bilder, ob im Medium Fotografie oder Malerei. Karen\u00a0Irmer und Angela Stauber erforschen und reflektieren das Thema des Bildes in vielfacher Weise und\u00a0lassen sich mit ihrer jeweiligen k\u00fcnstlerischen Auseinandersetzung in den post-konzeptionellen Diskurs\u00a0\u00fcber praktische Methoden in der zeitgen\u00f6ssischen Kunst verorten.<\/p>\n<p><strong>Karen Irmers <\/strong>Werke, die im <em>Raum 3 <\/em>in Essen zu sehen sind, erwecken eine besondere Ambivalenz, die\u00a0einer tr\u00fcgerischen Vertrautheit. Karen Irmer geht es speziell um die Transformation des bereits\u00a0Vorhandenen und um das Herauskristallisieren von atmosph\u00e4rischen M\u00f6glichkeiten, die an einem\u00a0spezifischen Ort existieren. Mit experimentellen fotografischen Methoden schafft sie es, intensive\u00a0Augenblicke des Wahrnehmens, Erkennens und des Wiederausl\u00f6schens eines Blickes oder Gedankens\u00a0herzustellen. Ihre Fotografien besitzen durch die in ihnen geschaffene Transzendenz einer\u00a0gegenst\u00e4ndlichen Welt eine malerische Qualit\u00e4t. Nach einer Weile und einem l\u00e4ngeren Betrachten kann\u00a0man in das Bildhafte der Fotografie in eine Sph\u00e4re ein- oder abtauchen, die dem eines Traumes nicht\u00a0un\u00e4hnlich ist. Im Bereich des Traumes ist die Unberechenbarkeit des n\u00e4chsten Augenblicks ein Merkmal\u00a0und die vermeintliche Sicherheit eines Ortes, eines lokalen Punktes kann zu einem beunruhigenden oder\u00a0auch unheilvollen Szenarium umkippen \u2013 dies geschieht auch in den Fotografien Karen Irmers.<\/p>\n<p><strong>Angela Stauber <\/strong>zeigt eine Reihe von malerischen Werken mit dem au\u00dfergew\u00f6hnlichen Motiv <em>f\u00fcnf\u00a0<span style=\"font-style: normal;\"><em>Zust\u00e4nde einer T\u00fcr<\/em>. Unterschiedliche Lichtsituationen ihrer T\u00fcren des M\u00fcnchner Ateliers fangen im Laufe\u00a0des Tages das einfallende Licht auf. Auf den grau lackierten, in Kassetten eingeteilten Altbaut\u00fcren\u00a0spiegelt sich das Licht von dem gegen\u00fcberliegenden Fenster, rhythmisch zur Jahres- und Tageszeit. Je\u00a0nach der Intensit\u00e4t des einfallenden Lichtes und dem Wetter ergeben sich unterschiedliche Stimmungen,\u00a0Atmosph\u00e4ren, die Angela Stauber auf der Leinwand mit ihrer Malerei festh\u00e4lt. Das Motiv der T\u00fcr mit dem\u00a0wechselnden Licht zeigt zum einen die T\u00fcr und die Lichtspiegelung als Oberfl\u00e4che. Zum anderen wird\u00a0durch die Helligkeit der Lichtspieglung eine Tiefe des Raumes illusioniert. Beide Blickm\u00f6glichkeiten und\u00a0beide Bildr\u00e4ume werden im gemalten Bild sichtbar und existent. Die blaue Farbe des Himmels ist auf der\u00a0Oberfl\u00e4che der T\u00fcr zu erkennen und fast k\u00f6nnte man meinen, einen Blick in eine tats\u00e4chliche Weite zu\u00a0bekommen. Angela Staubers Werke beinhalten und verbinden einen Widerspruch. Es geht Angela\u00a0Stauber um die Durchdringung von optischen Ph\u00e4nomenen und um die Aufl\u00f6sung von Grenzen. Das\u00a0Sichtbarmachen beider Parameter und das Aufzeigen ihrer Simultanit\u00e4t und der Illusion sind ihr Fokus.\u00a0Das zeitlich Begrenzte oder Verg\u00e4ngliche, wie Licht, das in einen Raum auf T\u00fcren f\u00e4llt, sch\u00e4rft das\u00a0Wahrnehmungsverm\u00f6gen des Rezipienten beim Betrachten der Malerei.\u00a0<strong>Karen Irmer <\/strong>studierte an der Akademie der bildenden K\u00fcnste M\u00fcnchen und schloss 2007 mit dem\u00a0Diplom, f\u00fcr das sie den Deb\u00fctantenpreis der Akademie erhielt ab. 2005 war sie Stipendiatin des Else-Heiliger-Fonds der Konrad Adenauer-Stiftung. Auslandsstipendien f\u00fchrten sie neben den europ\u00e4ischen\u00a0L\u00e4ndern auch nach Japan und S\u00fcd-Korea. Sie lebt und arbeitet in Augsburg und Berlin.\u00a0<strong>Angela Stauber <\/strong>studierte Malerei an der Akademie der Bildenden K\u00fcnste M\u00fcnchen und schloss 2005 mit\u00a0dem Diplom als Meistersch\u00fclerin bei Sean Scully ab. Auslandsstipendien f\u00fchrten sie in die USA, nach\u00a0Rum\u00e4nien und Gro\u00dfbritannien. Sie lebt und arbeitet in M\u00fcnchen und Berlin.<\/span><\/em><\/p>\n<div id='gallery-1' class='gallery galleryid-4 gallery-columns-4 gallery-size-thumbnail'><figure class='gallery-item'>\n\t\t\t<div class='gallery-icon landscape'>\n\t\t\t\t<a href='http:\/\/www.2010raum3.de\/wp-content\/uploads\/2010\/03\/Ufo.jpg'><img width=\"150\" height=\"150\" src=\"http:\/\/www.2010raum3.de\/wp-content\/uploads\/2010\/03\/Ufo-150x150.jpg\" class=\"attachment-thumbnail size-thumbnail\" alt=\"\" loading=\"lazy\" aria-describedby=\"gallery-1-30\" \/><\/a>\n\t\t\t<\/div>\n\t\t\t\t<figcaption class='wp-caption-text gallery-caption' id='gallery-1-30'>\n\t\t\t\tKaren Irmer Ufo\n\t\t\t\t<\/figcaption><\/figure><figure class='gallery-item'>\n\t\t\t<div class='gallery-icon landscape'>\n\t\t\t\t<a href='http:\/\/www.2010raum3.de\/wp-content\/uploads\/2010\/03\/Licht.jpg'><img width=\"150\" height=\"150\" src=\"http:\/\/www.2010raum3.de\/wp-content\/uploads\/2010\/03\/Licht-150x150.jpg\" class=\"attachment-thumbnail size-thumbnail\" alt=\"\" loading=\"lazy\" aria-describedby=\"gallery-1-29\" \/><\/a>\n\t\t\t<\/div>\n\t\t\t\t<figcaption class='wp-caption-text gallery-caption' id='gallery-1-29'>\n\t\t\t\tKaren Irmer Licht\n\t\t\t\t<\/figcaption><\/figure><figure class='gallery-item'>\n\t\t\t<div class='gallery-icon landscape'>\n\t\t\t\t<a href='http:\/\/www.2010raum3.de\/wp-content\/uploads\/2010\/03\/Kiemen.jpg'><img width=\"150\" height=\"150\" src=\"http:\/\/www.2010raum3.de\/wp-content\/uploads\/2010\/03\/Kiemen-150x150.jpg\" class=\"attachment-thumbnail size-thumbnail\" alt=\"\" loading=\"lazy\" aria-describedby=\"gallery-1-28\" \/><\/a>\n\t\t\t<\/div>\n\t\t\t\t<figcaption class='wp-caption-text gallery-caption' id='gallery-1-28'>\n\t\t\t\tKaren Irmer tief draussen\n\t\t\t\t<\/figcaption><\/figure><figure class='gallery-item'>\n\t\t\t<div class='gallery-icon landscape'>\n\t\t\t\t<a href='http:\/\/www.2010raum3.de\/wp-content\/uploads\/2010\/03\/Gnom.jpg'><img width=\"150\" height=\"150\" src=\"http:\/\/www.2010raum3.de\/wp-content\/uploads\/2010\/03\/Gnom-150x150.jpg\" class=\"attachment-thumbnail size-thumbnail\" alt=\"\" loading=\"lazy\" aria-describedby=\"gallery-1-27\" \/><\/a>\n\t\t\t<\/div>\n\t\t\t\t<figcaption class='wp-caption-text gallery-caption' id='gallery-1-27'>\n\t\t\t\tKaren Irmer Gnom\n\t\t\t\t<\/figcaption><\/figure><figure class='gallery-item'>\n\t\t\t<div class='gallery-icon landscape'>\n\t\t\t\t<a href='http:\/\/www.2010raum3.de\/wp-content\/uploads\/2010\/03\/Drei.jpg'><img width=\"150\" height=\"150\" src=\"http:\/\/www.2010raum3.de\/wp-content\/uploads\/2010\/03\/Drei-150x150.jpg\" class=\"attachment-thumbnail size-thumbnail\" alt=\"\" loading=\"lazy\" aria-describedby=\"gallery-1-26\" \/><\/a>\n\t\t\t<\/div>\n\t\t\t\t<figcaption class='wp-caption-text gallery-caption' id='gallery-1-26'>\n\t\t\t\tKaren Irmer Drei\n\t\t\t\t<\/figcaption><\/figure><figure class='gallery-item'>\n\t\t\t<div class='gallery-icon portrait'>\n\t\t\t\t<a href='http:\/\/www.2010raum3.de\/wp-content\/uploads\/2010\/03\/Dickicht8.jpg'><img width=\"150\" height=\"150\" src=\"http:\/\/www.2010raum3.de\/wp-content\/uploads\/2010\/03\/Dickicht8-150x150.jpg\" class=\"attachment-thumbnail size-thumbnail\" alt=\"\" loading=\"lazy\" aria-describedby=\"gallery-1-25\" \/><\/a>\n\t\t\t<\/div>\n\t\t\t\t<figcaption class='wp-caption-text gallery-caption' id='gallery-1-25'>\n\t\t\t\tKaren Irmer Dickicht 8\n\t\t\t\t<\/figcaption><\/figure><figure class='gallery-item'>\n\t\t\t<div class='gallery-icon portrait'>\n\t\t\t\t<a href='http:\/\/www.2010raum3.de\/wp-content\/uploads\/2010\/03\/Dickicht7.jpg'><img width=\"150\" height=\"150\" src=\"http:\/\/www.2010raum3.de\/wp-content\/uploads\/2010\/03\/Dickicht7-150x150.jpg\" class=\"attachment-thumbnail size-thumbnail\" alt=\"\" loading=\"lazy\" aria-describedby=\"gallery-1-24\" \/><\/a>\n\t\t\t<\/div>\n\t\t\t\t<figcaption class='wp-caption-text gallery-caption' id='gallery-1-24'>\n\t\t\t\tKaren Irmer Dickicht 7\n\t\t\t\t<\/figcaption><\/figure><figure class='gallery-item'>\n\t\t\t<div class='gallery-icon portrait'>\n\t\t\t\t<a href='http:\/\/www.2010raum3.de\/wp-content\/uploads\/2010\/03\/Dickicht3.jpg'><img width=\"150\" height=\"150\" src=\"http:\/\/www.2010raum3.de\/wp-content\/uploads\/2010\/03\/Dickicht3-150x150.jpg\" class=\"attachment-thumbnail size-thumbnail\" alt=\"\" loading=\"lazy\" aria-describedby=\"gallery-1-23\" \/><\/a>\n\t\t\t<\/div>\n\t\t\t\t<figcaption class='wp-caption-text gallery-caption' id='gallery-1-23'>\n\t\t\t\tKaren Irmer Dickicht 3\n\t\t\t\t<\/figcaption><\/figure><figure class='gallery-item'>\n\t\t\t<div class='gallery-icon portrait'>\n\t\t\t\t<a href='http:\/\/www.2010raum3.de\/wp-content\/uploads\/2010\/03\/Dickicht2.jpg'><img width=\"150\" height=\"150\" src=\"http:\/\/www.2010raum3.de\/wp-content\/uploads\/2010\/03\/Dickicht2-150x150.jpg\" class=\"attachment-thumbnail size-thumbnail\" alt=\"\" loading=\"lazy\" aria-describedby=\"gallery-1-22\" \/><\/a>\n\t\t\t<\/div>\n\t\t\t\t<figcaption class='wp-caption-text gallery-caption' id='gallery-1-22'>\n\t\t\t\tKaren Irmer Dickicht 2\n\t\t\t\t<\/figcaption><\/figure><figure class='gallery-item'>\n\t\t\t<div class='gallery-icon portrait'>\n\t\t\t\t<a href='http:\/\/www.2010raum3.de\/wp-content\/uploads\/2010\/03\/ReflexionIII.jpg'><img width=\"150\" height=\"150\" src=\"http:\/\/www.2010raum3.de\/wp-content\/uploads\/2010\/03\/ReflexionIII-150x150.jpg\" class=\"attachment-thumbnail size-thumbnail\" alt=\"\" loading=\"lazy\" aria-describedby=\"gallery-1-19\" \/><\/a>\n\t\t\t<\/div>\n\t\t\t\t<figcaption class='wp-caption-text gallery-caption' id='gallery-1-19'>\n\t\t\t\tAngela Stauber Reflexion III\n\t\t\t\t<\/figcaption><\/figure><figure class='gallery-item'>\n\t\t\t<div class='gallery-icon portrait'>\n\t\t\t\t<a href='http:\/\/www.2010raum3.de\/wp-content\/uploads\/2010\/03\/ReflexionI.jpg'><img width=\"150\" height=\"150\" src=\"http:\/\/www.2010raum3.de\/wp-content\/uploads\/2010\/03\/ReflexionI-150x150.jpg\" class=\"attachment-thumbnail size-thumbnail\" alt=\"\" loading=\"lazy\" aria-describedby=\"gallery-1-18\" \/><\/a>\n\t\t\t<\/div>\n\t\t\t\t<figcaption class='wp-caption-text gallery-caption' id='gallery-1-18'>\n\t\t\t\tAngela Stauber Reflexion I\n\t\t\t\t<\/figcaption><\/figure><figure class='gallery-item'>\n\t\t\t<div class='gallery-icon portrait'>\n\t\t\t\t<a href='http:\/\/www.2010raum3.de\/wp-content\/uploads\/2010\/03\/graueT\u00fcr1.jpg'><img width=\"150\" height=\"150\" src=\"http:\/\/www.2010raum3.de\/wp-content\/uploads\/2010\/03\/graueT\u00fcr1-150x150.jpg\" class=\"attachment-thumbnail size-thumbnail\" alt=\"\" loading=\"lazy\" aria-describedby=\"gallery-1-16\" \/><\/a>\n\t\t\t<\/div>\n\t\t\t\t<figcaption class='wp-caption-text gallery-caption' id='gallery-1-16'>\n\t\t\t\tAngela Stauber GraueT\u00fcr 1\n\t\t\t\t<\/figcaption><\/figure><figure class='gallery-item'>\n\t\t\t<div class='gallery-icon portrait'>\n\t\t\t\t<a href='http:\/\/www.2010raum3.de\/wp-content\/uploads\/2010\/03\/Angela-Stauber-portraitofawindow-2009.jpg'><img width=\"150\" height=\"150\" src=\"http:\/\/www.2010raum3.de\/wp-content\/uploads\/2010\/03\/Angela-Stauber-portraitofawindow-2009-150x150.jpg\" class=\"attachment-thumbnail size-thumbnail\" alt=\"\" loading=\"lazy\" \/><\/a>\n\t\t\t<\/div><\/figure><figure class='gallery-item'>\n\t\t\t<div class='gallery-icon portrait'>\n\t\t\t\t<a href='http:\/\/www.2010raum3.de\/wp-content\/uploads\/2010\/03\/Angela-Stauber-Einfall-2009.jpg'><img width=\"150\" height=\"150\" src=\"http:\/\/www.2010raum3.de\/wp-content\/uploads\/2010\/03\/Angela-Stauber-Einfall-2009-150x150.jpg\" class=\"attachment-thumbnail size-thumbnail\" alt=\"\" loading=\"lazy\" \/><\/a>\n\t\t\t<\/div><\/figure><figure class='gallery-item'>\n\t\t\t<div class='gallery-icon portrait'>\n\t\t\t\t<a href='http:\/\/www.2010raum3.de\/wp-content\/uploads\/2010\/03\/Angela-Stauber-Selbst-2009.jpg'><img width=\"150\" height=\"150\" src=\"http:\/\/www.2010raum3.de\/wp-content\/uploads\/2010\/03\/Angela-Stauber-Selbst-2009-150x150.jpg\" class=\"attachment-thumbnail size-thumbnail\" alt=\"\" loading=\"lazy\" \/><\/a>\n\t\t\t<\/div><\/figure><figure class='gallery-item'>\n\t\t\t<div class='gallery-icon portrait'>\n\t\t\t\t<a href='http:\/\/www.2010raum3.de\/wp-content\/uploads\/2010\/03\/Angela-Stauber-Verborgen-2009.jpg'><img width=\"150\" height=\"150\" src=\"http:\/\/www.2010raum3.de\/wp-content\/uploads\/2010\/03\/Angela-Stauber-Verborgen-2009-150x150.jpg\" class=\"attachment-thumbnail size-thumbnail\" alt=\"\" loading=\"lazy\" \/><\/a>\n\t\t\t<\/div><\/figure><figure class='gallery-item'>\n\t\t\t<div class='gallery-icon landscape'>\n\t\t\t\t<a href='http:\/\/www.2010raum3.de\/wp-content\/uploads\/2010\/03\/DSC_5972.jpg'><img width=\"150\" height=\"150\" src=\"http:\/\/www.2010raum3.de\/wp-content\/uploads\/2010\/03\/DSC_5972-150x150.jpg\" class=\"attachment-thumbnail size-thumbnail\" alt=\"\" loading=\"lazy\" \/><\/a>\n\t\t\t<\/div><\/figure><figure class='gallery-item'>\n\t\t\t<div class='gallery-icon landscape'>\n\t\t\t\t<a href='http:\/\/www.2010raum3.de\/wp-content\/uploads\/2010\/03\/DSC_5934.jpg'><img width=\"150\" height=\"150\" src=\"http:\/\/www.2010raum3.de\/wp-content\/uploads\/2010\/03\/DSC_5934-150x150.jpg\" class=\"attachment-thumbnail size-thumbnail\" alt=\"\" loading=\"lazy\" \/><\/a>\n\t\t\t<\/div><\/figure><figure class='gallery-item'>\n\t\t\t<div class='gallery-icon landscape'>\n\t\t\t\t<a href='http:\/\/www.2010raum3.de\/wp-content\/uploads\/2010\/03\/DSC_5974.jpg'><img width=\"150\" height=\"150\" src=\"http:\/\/www.2010raum3.de\/wp-content\/uploads\/2010\/03\/DSC_5974-150x150.jpg\" class=\"attachment-thumbnail size-thumbnail\" alt=\"\" loading=\"lazy\" \/><\/a>\n\t\t\t<\/div><\/figure><figure class='gallery-item'>\n\t\t\t<div class='gallery-icon landscape'>\n\t\t\t\t<a href='http:\/\/www.2010raum3.de\/wp-content\/uploads\/2010\/03\/DSC_5947.jpg'><img width=\"150\" height=\"150\" src=\"http:\/\/www.2010raum3.de\/wp-content\/uploads\/2010\/03\/DSC_5947-150x150.jpg\" class=\"attachment-thumbnail size-thumbnail\" alt=\"\" loading=\"lazy\" \/><\/a>\n\t\t\t<\/div><\/figure><figure class='gallery-item'>\n\t\t\t<div class='gallery-icon landscape'>\n\t\t\t\t<a href='http:\/\/www.2010raum3.de\/wp-content\/uploads\/2010\/03\/DSC_5938.jpg'><img width=\"150\" height=\"150\" src=\"http:\/\/www.2010raum3.de\/wp-content\/uploads\/2010\/03\/DSC_5938-150x150.jpg\" class=\"attachment-thumbnail size-thumbnail\" alt=\"\" loading=\"lazy\" \/><\/a>\n\t\t\t<\/div><\/figure><figure class='gallery-item'>\n\t\t\t<div class='gallery-icon landscape'>\n\t\t\t\t<a href='http:\/\/www.2010raum3.de\/wp-content\/uploads\/2010\/03\/DSC_5937.jpg'><img width=\"150\" height=\"150\" src=\"http:\/\/www.2010raum3.de\/wp-content\/uploads\/2010\/03\/DSC_5937-150x150.jpg\" class=\"attachment-thumbnail size-thumbnail\" alt=\"\" loading=\"lazy\" \/><\/a>\n\t\t\t<\/div><\/figure><figure class='gallery-item'>\n\t\t\t<div class='gallery-icon landscape'>\n\t\t\t\t<a href='http:\/\/www.2010raum3.de\/wp-content\/uploads\/2010\/03\/DSC_5949.jpg'><img width=\"150\" height=\"150\" src=\"http:\/\/www.2010raum3.de\/wp-content\/uploads\/2010\/03\/DSC_5949-150x150.jpg\" class=\"attachment-thumbnail size-thumbnail\" alt=\"\" loading=\"lazy\" \/><\/a>\n\t\t\t<\/div><\/figure><figure class='gallery-item'>\n\t\t\t<div class='gallery-icon landscape'>\n\t\t\t\t<a href='http:\/\/www.2010raum3.de\/wp-content\/uploads\/2010\/03\/DSC_5967.jpg'><img width=\"150\" height=\"150\" src=\"http:\/\/www.2010raum3.de\/wp-content\/uploads\/2010\/03\/DSC_5967-150x150.jpg\" class=\"attachment-thumbnail size-thumbnail\" alt=\"\" loading=\"lazy\" \/><\/a>\n\t\t\t<\/div><\/figure>\n\t\t<\/div>\n\n<p><strong>Angela Stauber<\/strong><\/p>\n<p><strong><br \/>\n<\/strong><\/p>\n<p>geboren 1977 in M\u00fcnchen, lebt und arbeitet in M\u00fcnchen und Berlin<\/p>\n<p>2008 Mitbegr\u00fcnderin des Projektraumes \u201eZweigstelle\u201c in Berlin<\/p>\n<p>seit 2006 Lehrauftrag f\u00fcr Malerei \/ Ludwig-Maximilians-Universit\u00e4t, M\u00fcnchen<\/p>\n<p>2005 Diplom als Meistersch\u00fclerin bei Prof. Sean Scully<\/p>\n<p>1999 Studienaufenthalt an der Art Academy Cincinnati, USA<\/p>\n<p>1998 &#8211; 2004 Studium der Freien Malerei an der Akademie der Bildenden K\u00fcnste in M\u00fcnchen, bei\u00a0Prof. Jerry Zeniuk und Prof. Sean Scully<br \/>\n<strong><br \/>\n<\/strong><\/p>\n<p><strong>Preise \/ F\u00f6rderungen<\/strong><\/p>\n<p><strong><br \/>\n<\/strong><\/p>\n<p>2008 Arbeitsstipendium der Golart-Stiftung f\u00fcr London<\/p>\n<p>Europ\u00e4isches Stipendium des Bezirks Oberbayern f\u00fcr Rum\u00e4nien \/ Brukenthal\u00a0Foundation, Sibiu, Rum\u00e4nien<\/p>\n<p>2008-2010 Bayerisches Atelierf\u00f6rderprogramm<\/p>\n<p>2007 F\u00f6rderung der Erwin und Gisela von Steiner-Stiftung, M\u00fcnchen<\/p>\n<p>2006 13. Kunstpreis der Volksbank Raiffeisenbank, Kunstverein Aichach<\/p>\n<p>Projektf\u00f6rderung der Oswald-Malura-Stiftung, M\u00fcnchen<\/p>\n<p>2003 Kunstf\u00f6rderpreis des Kunstvereins Traunstein<\/p>\n<p>1999 Studienstipendium von Akademieverein und Kulturreferat M\u00fcnchen<\/p>\n<p><strong><br \/>\n<\/strong><br \/>\n<strong>Einzelausstellungen<\/strong><\/p>\n<p><strong><br \/>\n<\/strong><\/p>\n<p>2009 <em>Innenleben<\/em>. Zweigstelle Berlin<\/p>\n<p>2009 Solopr\u00e4sentation auf der Sonderschau \u201eart from berlin\u201c, Art Karlsruhe<\/p>\n<p>2008 <em>was es ist<\/em>. Weltraum M\u00fcnchen (mit Ursula Oberhauser)<\/p>\n<p>2008 <em>Neuland<\/em>. Zweigstelle Berlin<\/p>\n<p>2008 <em>double feature picture show. <\/em>camera artis, M\u00fcnchen<\/p>\n<p>2007 <em>naheliegend. <\/em>Neue Galerie Landshut<\/p>\n<p><em>inspired<\/em>. GSF-Forschungszentrum, Neuherberg (Katalog)<\/p>\n<p><em>sichtbar<\/em>. erste reihe, M\u00fcnchen (K)<\/p>\n<p>2006 Atelierausstellung. realisiert durch Stucken Art Consulting. M\u00fcnchen<\/p>\n<p>2005 <em>Nahaufnahme<\/em>. Galerie Lena Walter M\u00fcnchen<br \/>\n<strong><br \/>\n<\/strong><\/p>\n<p><strong>Ausstellungsbeteiligungen (Auswahl)<\/strong><\/p>\n<p><strong><br \/>\n<\/strong><\/p>\n<p><strong> <\/strong>2009 <em>Gong Ju International Art Festival. <\/em>Im Lip Museum, Gong Ju, Korea<\/p>\n<p>2009 <em>Tiefer Raum und fremde Welt<\/em>. Kunstverein Aichach, kuratiert von Dr. Eva Wattolik\u00a0(mit Mira Thomsen und Sinta Werner)<\/p>\n<p><em>2009 Ein \u00dcberblick<\/em>. Lothringer dreizehn, St\u00e4dtische Kunsthalle M\u00fcnchen (K)<\/p>\n<p>2009 <em>Stille Welt. Realit\u00e4t und Symbolik der Dinge. <\/em>St\u00e4dtische Galerie Traunstein<\/p>\n<p>2008 <em>kleinere Arbeiten<\/em>. Raum 500, M\u00fcnchen<\/p>\n<p><em>The Freck Effect. <\/em>Bukarest Biennale. Artlabs, Sibiu. Rum\u00e4nien (K)<\/p>\n<p><em>transfer: rum\u00e4nien 1. <\/em>Stipendiatenausstellung im Schafhof \u2013 Europ\u00e4isches\u00a0K\u00fcnstlerhaus Oberbayern. Freising<\/p>\n<p><em>trei ori trei<\/em>. Galerie f\u00fcr Zeitgen\u00f6ssische Kunst des Brukenthalmuseums, Sibiu\/<\/p>\n<p>Herrmanstadt, Rum\u00e4nien. Kuratiert von Liviana Dan\/ Anca Mihulet. \u201eContemporary\u00a0Exhibiting II\u201c. (mit Ursula Oberhauser und Silvia Wienefoet)<\/p>\n<p><em>hier und jetzt<\/em>. Zweigstelle Berlin (mit Karen Irmer und Tatjana Utz)<\/p>\n<p>2006 <em>open source<\/em>. raum 500, M\u00fcnchen<\/p>\n<p>Ausstellung zum 13. Kunstpreis, Kunstverein Aichach<\/p>\n<p><em>Nachwuchs. <\/em>Ausstellung zum Hermann-G\u00f6tz-Preis, K\u00fcnstlerhaus Marktoberdorf<\/p>\n<p><em>through the looking glass<\/em>. Haus der Kunst, M\u00fcnchen (K)<\/p>\n<p>2004 <em>Junge Kunst. Schule der Malerei. <\/em>Dombergmuseum Freising (K)<\/p>\n<p>2004 <em>Junge Kunst II<\/em>. Galerie der Hochschule f\u00fcr Bildende K\u00fcnste, Dresden<\/p>\n<p><strong><br \/>\n<\/strong><\/p>\n<p><strong>Ank\u00e4ufe in \u00f6ffentlichen Sammlungen<\/strong><\/p>\n<p><strong><br \/>\n<\/strong><\/p>\n<p>Bezirk Oberbayern<\/p>\n<p>Helmholtz-Zentrum M\u00fcnchen\/ Neuherberg<\/p>\n<p>Staatsgem\u00e4ldesammlung Bayern<\/p>\n<p>BMW Group M\u00fcnchen<\/p>\n<p><strong><br \/>\n<\/strong><\/p>\n<p><strong>Karen Irmer<\/strong><\/p>\n<p><strong><br \/>\n<\/strong><\/p>\n<p>geboren 1974 in Friedberg<\/p>\n<p>lebt und arbeitet in Augsburg und Berlin<\/p>\n<p>2008 Mitbegr\u00fcnderin des Projektraumes <em>Zweigstelle Berlin<\/em><\/p>\n<p>seit 2006 Lehrauftrag f\u00fcr Visuelle Kommunikation, Hochschule f\u00fcr Gestaltung,\u00a0Augsburg<\/p>\n<p>2000 \u2013 2006 Studium an der Akademie der Bildenden K\u00fcnste M\u00fcnchen bei Prof. Gerd<\/p>\n<p>Winner und Prof. Sean Scully<\/p>\n<p><strong><br \/>\n<\/strong><\/p>\n<p><strong>Stipendien. Preise<\/strong><\/p>\n<p><strong><br \/>\n<\/strong><\/p>\n<p>2007 Deb\u00fctantenpreis. Bayerisches Staatsministerium<\/p>\n<p>2006 Kunstpreis Schwaben \/ Arbeitsstipendium f\u00fcr Seoul<\/p>\n<p>2005 EHF- Arbeitsstipendium, Konrad-Adenauer-Stiftung, Berlin<\/p>\n<p>2003 Projektstipendium f\u00fcr Lyon, Deutsch-Franz\u00f6sischer Kulturrat<\/p>\n<p>2002 F\u00f6rderpreis Bildende Kunst, Stadt Augsburg<\/p>\n<p><strong><br \/>\n<\/strong><\/p>\n<p><strong>Einzelausstellungen<\/strong><\/p>\n<p><strong><br \/>\n<\/strong><\/p>\n<p>2009 <em>Karen Irmer<\/em>, Scope Basel, Zweigstelle Berlin (K)<\/p>\n<p>2008 <em>draussen in mir, <\/em>Zweigstelle Berlin<\/p>\n<p><em>Karen Irmer<\/em>, Zentrum f\u00fcr Gegenwartskunst, Augsburg (K)<\/p>\n<p><em>Sein und Nichts <\/em>(mit Barbara Ullmann), Weltraum, M\u00fcnchen<\/p>\n<p><em>gestern wars k\u00e4lter als draussen<\/em>, Caponniere 4, Neu-Ulm<\/p>\n<p>2007 <em>wahrscheinlich unwahrscheinlich, <\/em>Kunstkabine, Berlin<\/p>\n<p><em>Karen Irmer, <\/em>Akademie der Bildenden K\u00fcnste M\u00fcnchen (K)<\/p>\n<p><em>Gestern war heute morgen frische, <\/em>Galerie Schwaben, Obersch\u00f6nenfeld<\/p>\n<p>2006 <em>Nichts scheint wie es ist, <\/em>Galerie Zisko, M\u00fcnchen<\/p>\n<p><em>Was sein kann muss sein, <\/em>St\u00e4dt. Galerie im H\u00f6hmannhaus, Augsburg (K)<\/p>\n<p><strong><br \/>\n<\/strong><\/p>\n<p><strong>Ausstellungsbeteiligungen (Auswahl)<\/strong><\/p>\n<p><strong><br \/>\n<\/strong><\/p>\n<p>2009 <em>Ein \u00dcberblick, <\/em>Lothringer 13, St\u00e4dtische Kunsthalle M\u00fcnchen (K)<\/p>\n<p>2008 <em>that was lucky, Kunst im Untergrund, <\/em>NGBK, Berlin (K)<\/p>\n<p><em>Goyang International Art Festival <\/em>Artmuseum Goyang, S\u00fcd-Korea (K)<\/p>\n<p><em>Von hier aus, <\/em>Kunsthaus Marktoberdorf (K)<\/p>\n<p><em>EHF 2010, <\/em>Konrad-Adenauer-Stiftung, Berlin<\/p>\n<p><em>hier &amp; jetzt<\/em>, Zweigstelle Berlin<\/p>\n<p>2007 <em>Konstruktionen der Wahrheit, <\/em>Darmst\u00e4dter Tage der Fotografie, Darmstadt (K)<\/p>\n<p><em>Klasse Scully 2007, <\/em>whiteBox, M\u00fcnchen (K)<\/p>\n<p>2006 <em>En un calaix no hi ha espai per a 5, <\/em>Centre Cultural de la Merce, Girona<\/p>\n<p>2005 <em>Else-Heiliger Fonds &#8211; Ein \u00dcberblick, <\/em>Konrad-Adenauer-Stiftung, Berlin<\/p>\n<p><em>Gedankenstrich, Lichtraum, Sichtraum, <\/em>Neue Galerie der Stadt Dachau (K)<\/p>\n<p>2003 <em>Next Generation<\/em>, Karsi Sanat \u00c7alismalari Gallery, Istanbul (K)<\/p>\n<p><em>Trabanten: Schall-Befall<\/em>, Kunstverein Aichach (K)<\/p>\n<p><strong><br \/>\n<\/strong><\/p>\n<p>(K=Katalog)<\/p>\n","protected":false},"excerpt":{"rendered":"<p>Himmel sehen Vernissage 09. Mai 2010 11 &#8211; 18h Ausstellungsdauer 09. bis 30. Mai 2010 Himmel sehen \u2013 der Titel der Ausstellung spiegelt die wichtigsten Sujets der K\u00fcnstlerinnen Karen Irmer\u00a0und Angela Stauber wieder: Es geht um das schlichte und doch stets polyperspektivische Sehen und\u00a0Wahrnehmen, einschlie\u00dflich dem verborgenen Dahinter. Der Blick in den Himmel, der Blick [&hellip;]<\/p>\n","protected":false},"author":1,"featured_media":0,"comment_status":"open","ping_status":"open","sticky":false,"template":"","format":"standard","meta":[],"categories":[1],"tags":[],"_links":{"self":[{"href":"http:\/\/www.2010raum3.de\/index.php?rest_route=\/wp\/v2\/posts\/4"}],"collection":[{"href":"http:\/\/www.2010raum3.de\/index.php?rest_route=\/wp\/v2\/posts"}],"about":[{"href":"http:\/\/www.2010raum3.de\/index.php?rest_route=\/wp\/v2\/types\/post"}],"author":[{"embeddable":true,"href":"http:\/\/www.2010raum3.de\/index.php?rest_route=\/wp\/v2\/users\/1"}],"replies":[{"embeddable":true,"href":"http:\/\/www.2010raum3.de\/index.php?rest_route=%2Fwp%2Fv2%2Fcomments&post=4"}],"version-history":[{"count":58,"href":"http:\/\/www.2010raum3.de\/index.php?rest_route=\/wp\/v2\/posts\/4\/revisions"}],"predecessor-version":[{"id":9,"href":"http:\/\/www.2010raum3.de\/index.php?rest_route=\/wp\/v2\/posts\/4\/revisions\/9"}],"wp:attachment":[{"href":"http:\/\/www.2010raum3.de\/index.php?rest_route=%2Fwp%2Fv2%2Fmedia&parent=4"}],"wp:term":[{"taxonomy":"category","embeddable":true,"href":"http:\/\/www.2010raum3.de\/index.php?rest_route=%2Fwp%2Fv2%2Fcategories&post=4"},{"taxonomy":"post_tag","embeddable":true,"href":"http:\/\/www.2010raum3.de\/index.php?rest_route=%2Fwp%2Fv2%2Ftags&post=4"}],"curies":[{"name":"wp","href":"https:\/\/api.w.org\/{rel}","templated":true}]}}