{"id":366,"date":"2010-10-24T12:17:54","date_gmt":"2010-10-24T11:17:54","guid":{"rendered":"http:\/\/www.2010raum3.de\/raum3\/?p=366"},"modified":"2010-12-26T21:13:12","modified_gmt":"2010-12-26T20:13:12","slug":"buch-werk","status":"publish","type":"post","link":"http:\/\/www.2010raum3.de\/?p=366","title":{"rendered":"<font color=\"#8b0000\">Buch <font class=\"undzeichen\">&#038;<\/font> Werk<\/font>"},"content":{"rendered":"<blockquote>\n<p style=\"text-align: center;\"><strong><em>Die andere Seite-<\/em><\/strong><\/p>\n<p style=\"text-align: center;\"><strong><em>Kunstkonzepte mit dem Buch<\/em><\/strong><\/p>\n<p style=\"text-align: center;\"><strong><em><br \/>\n<\/em><\/strong><\/p>\n<p style=\"text-align: center;\">\n<p style=\"text-align: center;\">K\u00fcnstlerb\u00fccher, Buchobjekte, Multiples, Bilder und Skulpturen<\/p>\n<p style=\"text-align: center;\">\n<p style=\"text-align: center;\">Vernissage 19. Dezember 2010 11 &#8211; 18h<\/p>\n<p style=\"text-align: center;\">Ausstellungsdauer 19. Dezember 2010 bis 09. Januar 2011<\/p>\n<p style=\"text-align: center;\">\n<p style=\"text-align: center;\">\n<p style=\"text-align: center;\">\n<p style=\"text-align: center;\">\n<p style=\"text-align: center;\">\n<p style=\"text-align: center;\">\n<p style=\"text-align: center;\"><strong><br \/>\nEs spielt: Meinhard Siegel Trio<\/strong><\/p>\n<p style=\"text-align: center;\"><strong><br \/>\n<\/strong><\/p>\n<p style=\"text-align: center;\">\n<p style=\"text-align: left;\">In einer Art tempor\u00e4rer Bibliothek, stellen wir eine spannungsreiche Auswahl von K\u00fcnstlerb\u00fcchern, Buchobjekten, Bildern, Skulpturen, Graphiken, Photos und Installationen zusammen.<\/p>\n<p style=\"text-align: left;\">In einer auf den Raum abgestimmten Ausstellungsgestaltung werden mit ausgesuchten Werken zeitgen\u00f6ssische k\u00fcnstlerische Prozesse zum Thema Buch vorgestellt. Gezeigt werden Arbeiten u.a. von Helge Leiberg, Timm Ulrichs, Ottmar H\u00f6rl, L\u00e1szl\u00f3 Lakner, Lutz Fritsch, Franz Erhard Walther, Christoph Rust, Dirk Hupe, Michael J\u00e4ger, J\u00fcrgen Paas, A.R. Penck und Wolf Kahlen, Kubach-Wilmsen, Heinz Jahn, Detlef Waschkau, Antonio Calderara, Martin Hotter, Philipp Orschler, Andreas Slominski, Klaus Schifferm\u00fcller und Stefan Pietryga.<\/p>\n<p style=\"text-align: left;\"><img title=\"gallery link=&quot;file&quot; columns=&quot;4&quot;\" src=\"http:\/\/www.2010raum3.de\/raum3\/wp-includes\/js\/tinymce\/plugins\/wpgallery\/img\/t.gif\" alt=\"\" \/><\/p>\n<p style=\"text-align: left;\"><img title=\"gallery link=&quot;file&quot; columns=&quot;4&quot;\" src=\"http:\/\/www.2010raum3.de\/raum3\/wp-includes\/js\/tinymce\/plugins\/wpgallery\/img\/t.gif\" alt=\"\" \/><img title=\"gallery link=&quot;file&quot; columns=&quot;4&quot;\" src=\"http:\/\/www.2010raum3.de\/raum3\/wp-includes\/js\/tinymce\/plugins\/wpgallery\/img\/t.gif\" alt=\"\" \/><img title=\"gallery link=&quot;file&quot; columns=&quot;4&quot;\" src=\"http:\/\/www.2010raum3.de\/raum3\/wp-includes\/js\/tinymce\/plugins\/wpgallery\/img\/t.gif\" alt=\"\" \/><\/p>\n<\/blockquote>\n<div id='gallery-1' class='gallery galleryid-366 gallery-columns-4 gallery-size-thumbnail'><figure class='gallery-item'>\n\t\t\t<div class='gallery-icon landscape'>\n\t\t\t\t<a href='http:\/\/www.2010raum3.de\/wp-content\/uploads\/2010\/10\/5.Martin_Holler.jpg'><img width=\"150\" height=\"150\" src=\"http:\/\/www.2010raum3.de\/wp-content\/uploads\/2010\/10\/5.Martin_Holler-150x150.jpg\" class=\"attachment-thumbnail size-thumbnail\" alt=\"\" loading=\"lazy\" \/><\/a>\n\t\t\t<\/div><\/figure><figure class='gallery-item'>\n\t\t\t<div class='gallery-icon portrait'>\n\t\t\t\t<a href='http:\/\/www.2010raum3.de\/wp-content\/uploads\/2010\/10\/2.Kubach_Wilmsen.jpg'><img width=\"150\" height=\"150\" src=\"http:\/\/www.2010raum3.de\/wp-content\/uploads\/2010\/10\/2.Kubach_Wilmsen-150x150.jpg\" class=\"attachment-thumbnail size-thumbnail\" alt=\"\" loading=\"lazy\" \/><\/a>\n\t\t\t<\/div><\/figure><figure class='gallery-item'>\n\t\t\t<div class='gallery-icon landscape'>\n\t\t\t\t<a href='http:\/\/www.2010raum3.de\/wp-content\/uploads\/2010\/10\/1.Lutz_Fritsch_Bibliothek.jpg'><img width=\"150\" height=\"150\" src=\"http:\/\/www.2010raum3.de\/wp-content\/uploads\/2010\/10\/1.Lutz_Fritsch_Bibliothek-150x150.jpg\" class=\"attachment-thumbnail size-thumbnail\" alt=\"\" loading=\"lazy\" \/><\/a>\n\t\t\t<\/div><\/figure><figure class='gallery-item'>\n\t\t\t<div class='gallery-icon portrait'>\n\t\t\t\t<a href='http:\/\/www.2010raum3.de\/wp-content\/uploads\/2010\/10\/3.Timm_Ulrichs.jpg'><img width=\"150\" height=\"150\" src=\"http:\/\/www.2010raum3.de\/wp-content\/uploads\/2010\/10\/3.Timm_Ulrichs-150x150.jpg\" class=\"attachment-thumbnail size-thumbnail\" alt=\"\" loading=\"lazy\" \/><\/a>\n\t\t\t<\/div><\/figure><figure class='gallery-item'>\n\t\t\t<div class='gallery-icon landscape'>\n\t\t\t\t<a href='http:\/\/www.2010raum3.de\/wp-content\/uploads\/2010\/10\/4.Lazlo_Lakner.jpg'><img width=\"150\" height=\"150\" src=\"http:\/\/www.2010raum3.de\/wp-content\/uploads\/2010\/10\/4.Lazlo_Lakner-150x150.jpg\" class=\"attachment-thumbnail size-thumbnail\" alt=\"\" loading=\"lazy\" \/><\/a>\n\t\t\t<\/div><\/figure><figure class='gallery-item'>\n\t\t\t<div class='gallery-icon portrait'>\n\t\t\t\t<a href='http:\/\/www.2010raum3.de\/wp-content\/uploads\/2010\/10\/6.J\u00fcrgen_Paas.jpg'><img width=\"150\" height=\"150\" src=\"http:\/\/www.2010raum3.de\/wp-content\/uploads\/2010\/10\/6.J\u00fcrgen_Paas-150x150.jpg\" class=\"attachment-thumbnail size-thumbnail\" alt=\"\" loading=\"lazy\" \/><\/a>\n\t\t\t<\/div><\/figure><figure class='gallery-item'>\n\t\t\t<div class='gallery-icon landscape'>\n\t\t\t\t<a href='http:\/\/www.2010raum3.de\/wp-content\/uploads\/2010\/10\/7.Ausstellung_Potsdam_2009.jpg'><img width=\"150\" height=\"150\" src=\"http:\/\/www.2010raum3.de\/wp-content\/uploads\/2010\/10\/7.Ausstellung_Potsdam_2009-150x150.jpg\" class=\"attachment-thumbnail size-thumbnail\" alt=\"\" loading=\"lazy\" \/><\/a>\n\t\t\t<\/div><\/figure><figure class='gallery-item'>\n\t\t\t<div class='gallery-icon landscape'>\n\t\t\t\t<a href='http:\/\/www.2010raum3.de\/wp-content\/uploads\/2010\/10\/8.Ausstellung_Potsdam_2009.jpg'><img width=\"150\" height=\"150\" src=\"http:\/\/www.2010raum3.de\/wp-content\/uploads\/2010\/10\/8.Ausstellung_Potsdam_2009-150x150.jpg\" class=\"attachment-thumbnail size-thumbnail\" alt=\"\" loading=\"lazy\" \/><\/a>\n\t\t\t<\/div><\/figure><figure class='gallery-item'>\n\t\t\t<div class='gallery-icon landscape'>\n\t\t\t\t<a href='http:\/\/www.2010raum3.de\/wp-content\/uploads\/2010\/10\/9Ausstellung_2009_Potsdam_2.jpg'><img width=\"150\" height=\"150\" src=\"http:\/\/www.2010raum3.de\/wp-content\/uploads\/2010\/10\/9Ausstellung_2009_Potsdam_2-150x150.jpg\" class=\"attachment-thumbnail size-thumbnail\" alt=\"\" loading=\"lazy\" \/><\/a>\n\t\t\t<\/div><\/figure><figure class='gallery-item'>\n\t\t\t<div class='gallery-icon landscape'>\n\t\t\t\t<a href='http:\/\/www.2010raum3.de\/wp-content\/uploads\/2010\/10\/10.Ausstellung_Potsdam_2009\u2013Kurator_Stefan_Pietryga.jpg'><img width=\"150\" height=\"150\" src=\"http:\/\/www.2010raum3.de\/wp-content\/uploads\/2010\/10\/10.Ausstellung_Potsdam_2009\u2013Kurator_Stefan_Pietryga-150x150.jpg\" class=\"attachment-thumbnail size-thumbnail\" alt=\"\" loading=\"lazy\" \/><\/a>\n\t\t\t<\/div><\/figure><figure class='gallery-item'>\n\t\t\t<div class='gallery-icon landscape'>\n\t\t\t\t<a href='http:\/\/www.2010raum3.de\/wp-content\/uploads\/2010\/10\/12.J\u00fcrgen_Paas.jpg'><img width=\"150\" height=\"150\" src=\"http:\/\/www.2010raum3.de\/wp-content\/uploads\/2010\/10\/12.J\u00fcrgen_Paas-150x150.jpg\" class=\"attachment-thumbnail size-thumbnail\" alt=\"\" loading=\"lazy\" \/><\/a>\n\t\t\t<\/div><\/figure><figure class='gallery-item'>\n\t\t\t<div class='gallery-icon landscape'>\n\t\t\t\t<a href='http:\/\/www.2010raum3.de\/wp-content\/uploads\/2010\/10\/I11.Birgit_Berg-Block.jpg'><img width=\"150\" height=\"150\" src=\"http:\/\/www.2010raum3.de\/wp-content\/uploads\/2010\/10\/I11.Birgit_Berg-Block-150x150.jpg\" class=\"attachment-thumbnail size-thumbnail\" alt=\"\" loading=\"lazy\" \/><\/a>\n\t\t\t<\/div><\/figure><figure class='gallery-item'>\n\t\t\t<div class='gallery-icon landscape'>\n\t\t\t\t<a href='http:\/\/www.2010raum3.de\/wp-content\/uploads\/2010\/10\/Vernissage_1.jpg'><img width=\"150\" height=\"150\" src=\"http:\/\/www.2010raum3.de\/wp-content\/uploads\/2010\/10\/Vernissage_1-150x150.jpg\" class=\"attachment-thumbnail size-thumbnail\" alt=\"\" loading=\"lazy\" \/><\/a>\n\t\t\t<\/div><\/figure><figure class='gallery-item'>\n\t\t\t<div class='gallery-icon landscape'>\n\t\t\t\t<a href='http:\/\/www.2010raum3.de\/wp-content\/uploads\/2010\/10\/Vernissage_2.jpg'><img width=\"150\" height=\"150\" src=\"http:\/\/www.2010raum3.de\/wp-content\/uploads\/2010\/10\/Vernissage_2-150x150.jpg\" class=\"attachment-thumbnail size-thumbnail\" alt=\"\" loading=\"lazy\" \/><\/a>\n\t\t\t<\/div><\/figure><figure class='gallery-item'>\n\t\t\t<div class='gallery-icon landscape'>\n\t\t\t\t<a href='http:\/\/www.2010raum3.de\/wp-content\/uploads\/2010\/10\/Vernissage_4.jpg'><img width=\"150\" height=\"150\" src=\"http:\/\/www.2010raum3.de\/wp-content\/uploads\/2010\/10\/Vernissage_4-150x150.jpg\" class=\"attachment-thumbnail size-thumbnail\" alt=\"\" loading=\"lazy\" \/><\/a>\n\t\t\t<\/div><\/figure><figure class='gallery-item'>\n\t\t\t<div class='gallery-icon landscape'>\n\t\t\t\t<a href='http:\/\/www.2010raum3.de\/wp-content\/uploads\/2010\/10\/Vernissage_5.jpg'><img width=\"150\" height=\"150\" src=\"http:\/\/www.2010raum3.de\/wp-content\/uploads\/2010\/10\/Vernissage_5-150x150.jpg\" class=\"attachment-thumbnail size-thumbnail\" alt=\"\" loading=\"lazy\" \/><\/a>\n\t\t\t<\/div><\/figure><figure class='gallery-item'>\n\t\t\t<div class='gallery-icon landscape'>\n\t\t\t\t<a href='http:\/\/www.2010raum3.de\/wp-content\/uploads\/2010\/10\/Vernissage_6.jpg'><img width=\"150\" height=\"150\" src=\"http:\/\/www.2010raum3.de\/wp-content\/uploads\/2010\/10\/Vernissage_6-150x150.jpg\" class=\"attachment-thumbnail size-thumbnail\" alt=\"\" loading=\"lazy\" \/><\/a>\n\t\t\t<\/div><\/figure><figure class='gallery-item'>\n\t\t\t<div class='gallery-icon landscape'>\n\t\t\t\t<a href='http:\/\/www.2010raum3.de\/wp-content\/uploads\/2010\/10\/Vernissage_7.jpg'><img width=\"150\" height=\"150\" src=\"http:\/\/www.2010raum3.de\/wp-content\/uploads\/2010\/10\/Vernissage_7-150x150.jpg\" class=\"attachment-thumbnail size-thumbnail\" alt=\"\" loading=\"lazy\" \/><\/a>\n\t\t\t<\/div><\/figure><figure class='gallery-item'>\n\t\t\t<div class='gallery-icon landscape'>\n\t\t\t\t<a href='http:\/\/www.2010raum3.de\/wp-content\/uploads\/2010\/10\/Vernissage_9.jpg'><img width=\"150\" height=\"150\" src=\"http:\/\/www.2010raum3.de\/wp-content\/uploads\/2010\/10\/Vernissage_9-150x150.jpg\" class=\"attachment-thumbnail size-thumbnail\" alt=\"\" loading=\"lazy\" \/><\/a>\n\t\t\t<\/div><\/figure><figure class='gallery-item'>\n\t\t\t<div class='gallery-icon landscape'>\n\t\t\t\t<a href='http:\/\/www.2010raum3.de\/wp-content\/uploads\/2010\/10\/Vernissage_10.jpg'><img width=\"150\" height=\"150\" src=\"http:\/\/www.2010raum3.de\/wp-content\/uploads\/2010\/10\/Vernissage_10-150x150.jpg\" class=\"attachment-thumbnail size-thumbnail\" alt=\"\" loading=\"lazy\" \/><\/a>\n\t\t\t<\/div><\/figure><figure class='gallery-item'>\n\t\t\t<div class='gallery-icon landscape'>\n\t\t\t\t<a href='http:\/\/www.2010raum3.de\/wp-content\/uploads\/2010\/10\/Vernissage_11.jpg'><img width=\"150\" height=\"150\" src=\"http:\/\/www.2010raum3.de\/wp-content\/uploads\/2010\/10\/Vernissage_11-150x150.jpg\" class=\"attachment-thumbnail size-thumbnail\" alt=\"\" loading=\"lazy\" \/><\/a>\n\t\t\t<\/div><\/figure><figure class='gallery-item'>\n\t\t\t<div class='gallery-icon landscape'>\n\t\t\t\t<a href='http:\/\/www.2010raum3.de\/wp-content\/uploads\/2010\/10\/Vernissage_12_Meinhard_Siegel_Trio.jpg'><img width=\"150\" height=\"150\" src=\"http:\/\/www.2010raum3.de\/wp-content\/uploads\/2010\/10\/Vernissage_12_Meinhard_Siegel_Trio-150x150.jpg\" class=\"attachment-thumbnail size-thumbnail\" alt=\"\" loading=\"lazy\" \/><\/a>\n\t\t\t<\/div><\/figure><figure class='gallery-item'>\n\t\t\t<div class='gallery-icon landscape'>\n\t\t\t\t<a href='http:\/\/www.2010raum3.de\/wp-content\/uploads\/2010\/10\/Vernissage_3.1jpg.jpg'><img width=\"150\" height=\"150\" src=\"http:\/\/www.2010raum3.de\/wp-content\/uploads\/2010\/10\/Vernissage_3.1jpg-150x150.jpg\" class=\"attachment-thumbnail size-thumbnail\" alt=\"\" loading=\"lazy\" \/><\/a>\n\t\t\t<\/div><\/figure><figure class='gallery-item'>\n\t\t\t<div class='gallery-icon landscape'>\n\t\t\t\t<a href='http:\/\/www.2010raum3.de\/wp-content\/uploads\/2010\/10\/Vernissage_13.jpg'><img width=\"150\" height=\"150\" src=\"http:\/\/www.2010raum3.de\/wp-content\/uploads\/2010\/10\/Vernissage_13-150x150.jpg\" class=\"attachment-thumbnail size-thumbnail\" alt=\"\" loading=\"lazy\" \/><\/a>\n\t\t\t<\/div><\/figure>\n\t\t<\/div>\n\n","protected":false},"excerpt":{"rendered":"<p>Die andere Seite- Kunstkonzepte mit dem Buch K\u00fcnstlerb\u00fccher, Buchobjekte, Multiples, Bilder und Skulpturen Vernissage 19. Dezember 2010 11 &#8211; 18h Ausstellungsdauer 19. Dezember 2010 bis 09. Januar 2011 Es spielt: Meinhard Siegel Trio In einer Art tempor\u00e4rer Bibliothek, stellen wir eine spannungsreiche Auswahl von K\u00fcnstlerb\u00fcchern, Buchobjekten, Bildern, Skulpturen, Graphiken, Photos und Installationen zusammen. In einer [&hellip;]<\/p>\n","protected":false},"author":1,"featured_media":0,"comment_status":"open","ping_status":"open","sticky":false,"template":"","format":"standard","meta":[],"categories":[1],"tags":[],"_links":{"self":[{"href":"http:\/\/www.2010raum3.de\/index.php?rest_route=\/wp\/v2\/posts\/366"}],"collection":[{"href":"http:\/\/www.2010raum3.de\/index.php?rest_route=\/wp\/v2\/posts"}],"about":[{"href":"http:\/\/www.2010raum3.de\/index.php?rest_route=\/wp\/v2\/types\/post"}],"author":[{"embeddable":true,"href":"http:\/\/www.2010raum3.de\/index.php?rest_route=\/wp\/v2\/users\/1"}],"replies":[{"embeddable":true,"href":"http:\/\/www.2010raum3.de\/index.php?rest_route=%2Fwp%2Fv2%2Fcomments&post=366"}],"version-history":[{"count":21,"href":"http:\/\/www.2010raum3.de\/index.php?rest_route=\/wp\/v2\/posts\/366\/revisions"}],"predecessor-version":[{"id":383,"href":"http:\/\/www.2010raum3.de\/index.php?rest_route=\/wp\/v2\/posts\/366\/revisions\/383"}],"wp:attachment":[{"href":"http:\/\/www.2010raum3.de\/index.php?rest_route=%2Fwp%2Fv2%2Fmedia&parent=366"}],"wp:term":[{"taxonomy":"category","embeddable":true,"href":"http:\/\/www.2010raum3.de\/index.php?rest_route=%2Fwp%2Fv2%2Fcategories&post=366"},{"taxonomy":"post_tag","embeddable":true,"href":"http:\/\/www.2010raum3.de\/index.php?rest_route=%2Fwp%2Fv2%2Ftags&post=366"}],"curies":[{"name":"wp","href":"https:\/\/api.w.org\/{rel}","templated":true}]}}