{"id":36,"date":"2010-07-03T10:25:55","date_gmt":"2010-07-03T09:25:55","guid":{"rendered":"http:\/\/www.2010raum3.de\/raum3\/?p=36"},"modified":"2010-07-15T08:48:35","modified_gmt":"2010-07-15T07:48:35","slug":"eva-gilles","status":"publish","type":"post","link":"http:\/\/www.2010raum3.de\/?p=36","title":{"rendered":"<font color=\"#e069df\">Eva <font class=\"undzeichen\">&#038;<\/font> Gilles<\/font>"},"content":{"rendered":"<blockquote>\n<p style=\"text-align: center;\"><strong><em>Pas de deux<\/em><\/strong><\/p>\n<p style=\"text-align: center;\"><strong><em><br \/>\n<\/em><\/strong><\/p>\n<\/blockquote>\n<p style=\"text-align: center;\">Finissage in Anwesenheit der K\u00fcnstler<\/p>\n<p style=\"text-align: center;\">7. August 2010 14 &#8211; 17h<\/p>\n<p style=\"text-align: center;\">Ausstellungsdauer 11. Juli \u00a0bis 07. August 2010<\/p>\n<p style=\"text-align: center;\">\n<p style=\"text-align: center;\">\n<p style=\"text-align: center;\">\n<p style=\"text-align: center;\"><strong><br \/>\n<\/strong><\/p>\n<p><strong><em> <\/em><\/strong><\/p>\n<p><span style=\"font-weight: normal;\"><strong>Eva Aurich<\/strong><\/span><\/p>\n<p>Eva Aurichs Atelier befindet sich inmitten einer grossz\u00fcgigen, relativ unber\u00fchrten Natur. Sie arbeitet in der Natur: Der Wald, die Wiesen und Felder sind ihr Arbeitsbereich.<\/p>\n<p>Sammeln: Mit Fotoapparat, Mikroskop, Schwarzweissvergr\u00f6sserer, Lochkamera, Zeichenutensilien, und ordnen.<\/p>\n<p>Unsichtbares sichtbar machen. Wie z.B. die Struktur der Adern eines gerade geborenen Blattes; Gewebezellen; Spuren, die wilde Tiere im Gras hinterlassen haben. Unscheinbares \u201eUnkraut\u201c auf die H\u00f6he eines Kunstwerks erheben. Unspektakul\u00e4re Landschaft in eine grosse Schachtel (Lochkamera) einfangen; \u2026 Es entsehen Serien, deren Anordnung das menschliche Bed\u00fcrfnis nach Systemen in Betracht ziehen. Scheinbar wissenschaftliche Ordnung stellt sich jedoch als ein anderes, nach anderen Kriterien erstelltes System heraus.<\/p>\n<p>F\u00fcr die Installation \u201e100 h\u00eatres de charme\u201c bei der Internationalen Biennale in Melle 2009 (\u201e\u00eatre arbre, \u00eatre nature\u201c, mit Tadashi Kawamata, Gilles Cl\u00e9ment, Rodney Graham, u.a.) hatte Eva Aurich \u00fcber ein Jahr hinweg Baumbl\u00e4tter gesammelt und als Fotogramme (ca. hundert) in Form eines all-over im Raum pr\u00e4sentiert.<\/p>\n<p><strong>Eva Aurich<\/strong><\/p>\n<p>geboren 1962 in Stuttgart, lebt seit 1988 in Paris\u00a0 und seit 2001 in der Region Poitou-Charentes<\/p>\n<p>1981 \u2013 88 Staatliche Akademie der Bildenden K\u00fcnste Stuttgart<\/p>\n<p>1984 \u2013 85 Ecole Nationale Sup\u00e9rieure des Beaux-Arts, Paris, u.a. bei Ulrich R\u00fcckriem<\/p>\n<p><strong>Stipendien<\/strong><\/p>\n<p>1988 Auslandsstipendium, Staatl. Akademie der bildenden K\u00fcnste Stuttgart<\/p>\n<p>1991 FIACRE, Kultusministerium Ile de France<\/p>\n<p>2000 Arbeitsstipendium, conseil g\u00e9n\u00e9ral du Val de Marne<\/p>\n<p>2001 Stipendium f\u00fcr den Bau des Ateliers, DRAC Poitou-Charentes (Kultusministerium)<\/p>\n<p><strong>Einzelausstellungen<\/strong><\/p>\n<p>2010 Raum 3 \u2013 Raum f\u00fcr zeitgen\u00f6ssische Kunst, Essen (mit Gilles Fromonteil)<\/p>\n<p>2010 \u00ab face au mur \u00bb, Stadtb\u00fccherei Ch\u00e2tellerault<\/p>\n<p>2001 \u201erep\u00e8res II\u201c, mus\u00e9e Sully, Ch\u00e2tellerault<\/p>\n<p>1998 Kunstverein B\u00f6blingen (Allemagne)<\/p>\n<p>1994 Galerie de l\u2019ancien coll\u00e8ge, Ch\u00e2tellerault (Vienne)<\/p>\n<p><strong>Ausstellungsbeteiligungen (Auswahl)<\/strong><\/p>\n<p>2010 \u00ab arboretum \u00bb, Niort, moulin du roc<\/p>\n<p>2009 Melle, Internationale Biennale (27 Juni \u2013 31 August 2009)<\/p>\n<p>2008 Mac Paris auf Einladung des conseil r\u00e9gional Poitou-Charentes<\/p>\n<p>2003 \u201ephotographie \u2013 patrimoine\u201c, Ch\u00e2tellerault<\/p>\n<p>2002 \u201eminiMAL\u201c, Galerie 27, Offenau, Allemagne<\/p>\n<p>2001 Galerie Wahlandt, Stuttgart<\/p>\n<p>1996 Jeune Peinture, Paris<\/p>\n<p>1996 Credac, Kunstverein Ivry-sur-Seine<\/p>\n<p>1995 Kunstverein Heilbronn (Allemagne)<\/p>\n<p>1995 \u201eChez l\u2019un l\u2019autre\u201c, Paris (galerie Weller)<\/p>\n<p>1995 Jeune Peinture, Paris<\/p>\n<div id='gallery-1' class='gallery galleryid-36 gallery-columns-4 gallery-size-thumbnail'><figure class='gallery-item'>\n\t\t\t<div class='gallery-icon landscape'>\n\t\t\t\t<a href='http:\/\/www.2010raum3.de\/wp-content\/uploads\/2010\/03\/Gilles-Fromonteil-Brandenburger-Tor-0031.jpg'><img width=\"150\" height=\"150\" src=\"http:\/\/www.2010raum3.de\/wp-content\/uploads\/2010\/03\/Gilles-Fromonteil-Brandenburger-Tor-0031-150x150.jpg\" class=\"attachment-thumbnail size-thumbnail\" alt=\"\" loading=\"lazy\" \/><\/a>\n\t\t\t<\/div><\/figure><figure class='gallery-item'>\n\t\t\t<div class='gallery-icon portrait'>\n\t\t\t\t<a href='http:\/\/www.2010raum3.de\/wp-content\/uploads\/2010\/03\/Gilles-Fromonteil-S\u00e8vres-2005-.jpg'><img width=\"150\" height=\"150\" src=\"http:\/\/www.2010raum3.de\/wp-content\/uploads\/2010\/03\/Gilles-Fromonteil-S\u00e8vres-2005--150x150.jpg\" class=\"attachment-thumbnail size-thumbnail\" alt=\"\" loading=\"lazy\" \/><\/a>\n\t\t\t<\/div><\/figure><figure class='gallery-item'>\n\t\t\t<div class='gallery-icon landscape'>\n\t\t\t\t<a href='http:\/\/www.2010raum3.de\/wp-content\/uploads\/2010\/03\/Gilles-Fromonteil-Brandenburger-Tor-002-1.jpg'><img width=\"150\" height=\"150\" src=\"http:\/\/www.2010raum3.de\/wp-content\/uploads\/2010\/03\/Gilles-Fromonteil-Brandenburger-Tor-002-1-150x150.jpg\" class=\"attachment-thumbnail size-thumbnail\" alt=\"\" loading=\"lazy\" \/><\/a>\n\t\t\t<\/div><\/figure><figure class='gallery-item'>\n\t\t\t<div class='gallery-icon landscape'>\n\t\t\t\t<a href='http:\/\/www.2010raum3.de\/wp-content\/uploads\/2010\/03\/Gilles-Fromonteil-vue-expo-priv\u00e9e-Tsvetkov.jpg'><img width=\"150\" height=\"150\" src=\"http:\/\/www.2010raum3.de\/wp-content\/uploads\/2010\/03\/Gilles-Fromonteil-vue-expo-priv\u00e9e-Tsvetkov-150x150.jpg\" class=\"attachment-thumbnail size-thumbnail\" alt=\"\" loading=\"lazy\" \/><\/a>\n\t\t\t<\/div><\/figure><figure class='gallery-item'>\n\t\t\t<div class='gallery-icon portrait'>\n\t\t\t\t<a href='http:\/\/www.2010raum3.de\/wp-content\/uploads\/2010\/03\/D.B.P.-001-29-juin-2009.jpg'><img width=\"150\" height=\"150\" src=\"http:\/\/www.2010raum3.de\/wp-content\/uploads\/2010\/03\/D.B.P.-001-29-juin-2009-150x150.jpg\" class=\"attachment-thumbnail size-thumbnail\" alt=\"\" loading=\"lazy\" \/><\/a>\n\t\t\t<\/div><\/figure><figure class='gallery-item'>\n\t\t\t<div class='gallery-icon portrait'>\n\t\t\t\t<a href='http:\/\/www.2010raum3.de\/wp-content\/uploads\/2010\/03\/D.B.P.-002-le30-juin-2009.jpg'><img width=\"150\" height=\"150\" src=\"http:\/\/www.2010raum3.de\/wp-content\/uploads\/2010\/03\/D.B.P.-002-le30-juin-2009-150x150.jpg\" class=\"attachment-thumbnail size-thumbnail\" alt=\"\" loading=\"lazy\" \/><\/a>\n\t\t\t<\/div><\/figure><figure class='gallery-item'>\n\t\t\t<div class='gallery-icon landscape'>\n\t\t\t\t<a href='http:\/\/www.2010raum3.de\/wp-content\/uploads\/2010\/03\/06-mai-2009-2.jpg'><img width=\"150\" height=\"150\" src=\"http:\/\/www.2010raum3.de\/wp-content\/uploads\/2010\/03\/06-mai-2009-2-150x150.jpg\" class=\"attachment-thumbnail size-thumbnail\" alt=\"\" loading=\"lazy\" \/><\/a>\n\t\t\t<\/div><\/figure><figure class='gallery-item'>\n\t\t\t<div class='gallery-icon portrait'>\n\t\t\t\t<a href='http:\/\/www.2010raum3.de\/wp-content\/uploads\/2010\/03\/le-27mai-2009-003.jpg'><img width=\"150\" height=\"150\" src=\"http:\/\/www.2010raum3.de\/wp-content\/uploads\/2010\/03\/le-27mai-2009-003-150x150.jpg\" class=\"attachment-thumbnail size-thumbnail\" alt=\"\" loading=\"lazy\" \/><\/a>\n\t\t\t<\/div><\/figure><figure class='gallery-item'>\n\t\t\t<div class='gallery-icon landscape'>\n\t\t\t\t<a href='http:\/\/www.2010raum3.de\/wp-content\/uploads\/2010\/07\/Vernissage_08.jpg'><img width=\"150\" height=\"150\" src=\"http:\/\/www.2010raum3.de\/wp-content\/uploads\/2010\/07\/Vernissage_08-150x150.jpg\" class=\"attachment-thumbnail size-thumbnail\" alt=\"\" loading=\"lazy\" \/><\/a>\n\t\t\t<\/div><\/figure><figure class='gallery-item'>\n\t\t\t<div class='gallery-icon landscape'>\n\t\t\t\t<a href='http:\/\/www.2010raum3.de\/wp-content\/uploads\/2010\/07\/Vernissage_04.jpg'><img width=\"150\" height=\"150\" src=\"http:\/\/www.2010raum3.de\/wp-content\/uploads\/2010\/07\/Vernissage_04-150x150.jpg\" class=\"attachment-thumbnail size-thumbnail\" alt=\"\" loading=\"lazy\" \/><\/a>\n\t\t\t<\/div><\/figure><figure class='gallery-item'>\n\t\t\t<div class='gallery-icon landscape'>\n\t\t\t\t<a href='http:\/\/www.2010raum3.de\/wp-content\/uploads\/2010\/07\/Vernissage_07.jpg'><img width=\"150\" height=\"150\" src=\"http:\/\/www.2010raum3.de\/wp-content\/uploads\/2010\/07\/Vernissage_07-150x150.jpg\" class=\"attachment-thumbnail size-thumbnail\" alt=\"\" loading=\"lazy\" \/><\/a>\n\t\t\t<\/div><\/figure><figure class='gallery-item'>\n\t\t\t<div class='gallery-icon landscape'>\n\t\t\t\t<a href='http:\/\/www.2010raum3.de\/wp-content\/uploads\/2010\/07\/Vernissage_05.jpg'><img width=\"150\" height=\"150\" src=\"http:\/\/www.2010raum3.de\/wp-content\/uploads\/2010\/07\/Vernissage_05-150x150.jpg\" class=\"attachment-thumbnail size-thumbnail\" alt=\"\" loading=\"lazy\" \/><\/a>\n\t\t\t<\/div><\/figure><figure class='gallery-item'>\n\t\t\t<div class='gallery-icon landscape'>\n\t\t\t\t<a href='http:\/\/www.2010raum3.de\/wp-content\/uploads\/2010\/07\/Vernissage_02.jpg'><img width=\"150\" height=\"150\" src=\"http:\/\/www.2010raum3.de\/wp-content\/uploads\/2010\/07\/Vernissage_02-150x150.jpg\" class=\"attachment-thumbnail size-thumbnail\" alt=\"\" loading=\"lazy\" \/><\/a>\n\t\t\t<\/div><\/figure><figure class='gallery-item'>\n\t\t\t<div class='gallery-icon landscape'>\n\t\t\t\t<a href='http:\/\/www.2010raum3.de\/wp-content\/uploads\/2010\/07\/Vernissage_011.jpg'><img width=\"150\" height=\"150\" src=\"http:\/\/www.2010raum3.de\/wp-content\/uploads\/2010\/07\/Vernissage_011-150x150.jpg\" class=\"attachment-thumbnail size-thumbnail\" alt=\"\" loading=\"lazy\" \/><\/a>\n\t\t\t<\/div><\/figure><figure class='gallery-item'>\n\t\t\t<div class='gallery-icon landscape'>\n\t\t\t\t<a href='http:\/\/www.2010raum3.de\/wp-content\/uploads\/2010\/07\/Vernissage_03.jpg'><img width=\"150\" height=\"150\" src=\"http:\/\/www.2010raum3.de\/wp-content\/uploads\/2010\/07\/Vernissage_03-150x150.jpg\" class=\"attachment-thumbnail size-thumbnail\" alt=\"\" loading=\"lazy\" \/><\/a>\n\t\t\t<\/div><\/figure><figure class='gallery-item'>\n\t\t\t<div class='gallery-icon landscape'>\n\t\t\t\t<a href='http:\/\/www.2010raum3.de\/wp-content\/uploads\/2010\/07\/Vernissage_06.jpg'><img width=\"150\" height=\"150\" src=\"http:\/\/www.2010raum3.de\/wp-content\/uploads\/2010\/07\/Vernissage_06-150x150.jpg\" class=\"attachment-thumbnail size-thumbnail\" alt=\"\" loading=\"lazy\" \/><\/a>\n\t\t\t<\/div><\/figure><figure class='gallery-item'>\n\t\t\t<div class='gallery-icon landscape'>\n\t\t\t\t<a href='http:\/\/www.2010raum3.de\/wp-content\/uploads\/2010\/07\/Vernissage_09.jpg'><img width=\"150\" height=\"150\" src=\"http:\/\/www.2010raum3.de\/wp-content\/uploads\/2010\/07\/Vernissage_09-150x150.jpg\" class=\"attachment-thumbnail size-thumbnail\" alt=\"\" loading=\"lazy\" \/><\/a>\n\t\t\t<\/div><\/figure><figure class='gallery-item'>\n\t\t\t<div class='gallery-icon landscape'>\n\t\t\t\t<a href='http:\/\/www.2010raum3.de\/wp-content\/uploads\/2010\/07\/Vernissage_010.jpg'><img width=\"150\" height=\"150\" src=\"http:\/\/www.2010raum3.de\/wp-content\/uploads\/2010\/07\/Vernissage_010-150x150.jpg\" class=\"attachment-thumbnail size-thumbnail\" alt=\"\" loading=\"lazy\" \/><\/a>\n\t\t\t<\/div><\/figure><figure class='gallery-item'>\n\t\t\t<div class='gallery-icon landscape'>\n\t\t\t\t<a href='http:\/\/www.2010raum3.de\/wp-content\/uploads\/2010\/07\/Vernissage_01.jpg'><img width=\"150\" height=\"150\" src=\"http:\/\/www.2010raum3.de\/wp-content\/uploads\/2010\/07\/Vernissage_01-150x150.jpg\" class=\"attachment-thumbnail size-thumbnail\" alt=\"\" loading=\"lazy\" \/><\/a>\n\t\t\t<\/div><\/figure><figure class='gallery-item'>\n\t\t\t<div class='gallery-icon landscape'>\n\t\t\t\t<a href='http:\/\/www.2010raum3.de\/wp-content\/uploads\/2010\/07\/Vernissage_012.jpg'><img width=\"150\" height=\"150\" src=\"http:\/\/www.2010raum3.de\/wp-content\/uploads\/2010\/07\/Vernissage_012-150x150.jpg\" class=\"attachment-thumbnail size-thumbnail\" alt=\"\" loading=\"lazy\" \/><\/a>\n\t\t\t<\/div><\/figure><figure class='gallery-item'>\n\t\t\t<div class='gallery-icon landscape'>\n\t\t\t\t<a href='http:\/\/www.2010raum3.de\/wp-content\/uploads\/2010\/03\/Landschaft-2010-Tusche-auf-Papier-50-x-60-cm.2.jpg'><img width=\"150\" height=\"150\" src=\"http:\/\/www.2010raum3.de\/wp-content\/uploads\/2010\/03\/Landschaft-2010-Tusche-auf-Papier-50-x-60-cm.2-150x150.jpg\" class=\"attachment-thumbnail size-thumbnail\" alt=\"\" loading=\"lazy\" \/><\/a>\n\t\t\t<\/div><\/figure><figure class='gallery-item'>\n\t\t\t<div class='gallery-icon landscape'>\n\t\t\t\t<a href='http:\/\/www.2010raum3.de\/wp-content\/uploads\/2010\/03\/20112009-002.jpg'><img width=\"150\" height=\"150\" src=\"http:\/\/www.2010raum3.de\/wp-content\/uploads\/2010\/03\/20112009-002-150x150.jpg\" class=\"attachment-thumbnail size-thumbnail\" alt=\"\" loading=\"lazy\" \/><\/a>\n\t\t\t<\/div><\/figure><figure class='gallery-item'>\n\t\t\t<div class='gallery-icon portrait'>\n\t\t\t\t<a href='http:\/\/www.2010raum3.de\/wp-content\/uploads\/2010\/03\/ch\u00eane-de-Daymio-2009-14-5-x-16-5-cm-Fotogramm-auf-Hahnem\u00fchle-Baumwollpapier-gedruckt.jpg'><img width=\"150\" height=\"150\" src=\"http:\/\/www.2010raum3.de\/wp-content\/uploads\/2010\/03\/ch\u00eane-de-Daymio-2009-14-5-x-16-5-cm-Fotogramm-auf-Hahnem\u00fchle-Baumwollpapier-gedruckt-150x150.jpg\" class=\"attachment-thumbnail size-thumbnail\" alt=\"\" loading=\"lazy\" \/><\/a>\n\t\t\t<\/div><\/figure><figure class='gallery-item'>\n\t\t\t<div class='gallery-icon portrait'>\n\t\t\t\t<a href='http:\/\/www.2010raum3.de\/wp-content\/uploads\/2010\/03\/Eva-Aurich-sauvage-2009-s\u00e9rigraphie.jpg'><img width=\"150\" height=\"150\" src=\"http:\/\/www.2010raum3.de\/wp-content\/uploads\/2010\/03\/Eva-Aurich-sauvage-2009-s\u00e9rigraphie-150x150.jpg\" class=\"attachment-thumbnail size-thumbnail\" alt=\"\" loading=\"lazy\" \/><\/a>\n\t\t\t<\/div><\/figure><figure class='gallery-item'>\n\t\t\t<div class='gallery-icon portrait'>\n\t\t\t\t<a href='http:\/\/www.2010raum3.de\/wp-content\/uploads\/2010\/03\/Eva-Aurich-100-h\u00eatres-de-charme-\u00e9rable-champ\u00eatre-2008-2009-photogramme-imprim\u00e9-sur-papier-coton.2.jpg'><img width=\"150\" height=\"150\" src=\"http:\/\/www.2010raum3.de\/wp-content\/uploads\/2010\/03\/Eva-Aurich-100-h\u00eatres-de-charme-\u00e9rable-champ\u00eatre-2008-2009-photogramme-imprim\u00e9-sur-papier-coton.2-150x150.jpg\" class=\"attachment-thumbnail size-thumbnail\" alt=\"\" loading=\"lazy\" \/><\/a>\n\t\t\t<\/div><\/figure><figure class='gallery-item'>\n\t\t\t<div class='gallery-icon portrait'>\n\t\t\t\t<a href='http:\/\/www.2010raum3.de\/wp-content\/uploads\/2010\/03\/2009-tulipier-de-Virginie-\u00e0-feuilles-crisp\u00e9es.jpg'><img width=\"150\" height=\"150\" src=\"http:\/\/www.2010raum3.de\/wp-content\/uploads\/2010\/03\/2009-tulipier-de-Virginie-\u00e0-feuilles-crisp\u00e9es-150x150.jpg\" class=\"attachment-thumbnail size-thumbnail\" alt=\"\" loading=\"lazy\" \/><\/a>\n\t\t\t<\/div><\/figure><figure class='gallery-item'>\n\t\t\t<div class='gallery-icon landscape'>\n\t\t\t\t<a href='http:\/\/www.2010raum3.de\/wp-content\/uploads\/2010\/03\/Eva-Aurich-Wildblumen-im-Umkreis-von-5km-um-La-Davi\u00e8re-2009-2010-Tusche-auf-Baumwollpapier.jpg'><img width=\"150\" height=\"150\" src=\"http:\/\/www.2010raum3.de\/wp-content\/uploads\/2010\/03\/Eva-Aurich-Wildblumen-im-Umkreis-von-5km-um-La-Davi\u00e8re-2009-2010-Tusche-auf-Baumwollpapier-150x150.jpg\" class=\"attachment-thumbnail size-thumbnail\" alt=\"\" loading=\"lazy\" \/><\/a>\n\t\t\t<\/div><\/figure><figure class='gallery-item'>\n\t\t\t<div class='gallery-icon landscape'>\n\t\t\t\t<a href='http:\/\/www.2010raum3.de\/wp-content\/uploads\/2010\/03\/o.T.-2010-sw-Fotografie-camera-obscura.jpg'><img width=\"150\" height=\"150\" src=\"http:\/\/www.2010raum3.de\/wp-content\/uploads\/2010\/03\/o.T.-2010-sw-Fotografie-camera-obscura-150x150.jpg\" class=\"attachment-thumbnail size-thumbnail\" alt=\"\" loading=\"lazy\" \/><\/a>\n\t\t\t<\/div><\/figure>\n\t\t<\/div>\n\n<p><strong>Gilles Fromonteil<\/strong><\/p>\n<p><strong><br \/>\n<\/strong><\/p>\n<p>Bereits im Sommer 1994 habe ich im Atelier von J\u00fcrgen Paas eine gr\u00f6ssere Arbeit realisiert; es handelte sich dabei um mehrere lebensgrosse Figuren aus Gips zum komplexen Thema &#8222;Deutsche Wiedervereinigung&#8220;.<br \/>\nF\u00fcr die Ausstellung 2010 werde ich mich erneut mit den tiefgreifenden Ver\u00e4nderungen in Deutschland auseinandersetzen. Ich werde dazu das Brandenburger Tor als Symbol benutzen und es auf meine Art interpretieren. Ich bin derzeit mit der Arbeit an der Quadriga besch\u00e4ftigt; Ausgangsmaterial sind eine Suppenterrine und diverse Gussformen aus Porzellan, das zum Teil emailliert wird.<\/p>\n<p><strong>Gilles Fromonteil<\/strong><\/p>\n<p>geboren am 18 Juni 1957 in Poitiers (Frankreich),<\/p>\n<p>lebt und arbeitet mit der K\u00fcnstlerin Eva Aurich und seinen\u00a0beiden T\u00f6chtern in der Region Poitou-Charentes und in Paris<br \/>\n1979 -1981 Ecole des Beaux-Arts, Poitiers<br \/>\n1982 -1986 Ecole Nationale Sup\u00e9rieure des Beaux-Arts, Paris, Atelier Jeanclos<br \/>\n1981 -1986 Universit\u00e4t Paris 1, Master Bildende Kunst<br \/>\nseit 2001\u00a0Vorsitzender der franz\u00f6sischen K\u00fcnstlersozialkasse (la maison des Artistes)<br \/>\nseit 1999\u00a0abwechselnd Vorsitzender, stellvertretender Vorsitzender, Kassenf\u00fchrer der franz\u00f6sischen Urheberrechtsgesellschaft SAIF<br \/>\nseit 1996\u00a0Lehrauftrag an der Kunstschule in St. Ouen<\/p>\n<p><strong>Stipendien<\/strong><\/p>\n<p>1995 FIACRE, Arbeitsstipendium des franz\u00f6sischen Kultusministeriums<br \/>\n2004 Unterst\u00fctzung des Kultusministeriums f\u00fcr den Bau des Ateliers in\u00a0Poitou-Charentes<\/p>\n<p><strong>Ausstellungen (Auswahl)<\/strong><\/p>\n<p>2009 \u00ab Miniatur \u00bb Russe, Bulgarien<br \/>\n2009 Hu\u00e9, Vietnam <em>(Einzelausstellung)<\/em><br \/>\n2007 Kunstverein \u201cles Bains Douches\u201c, Chauvigny <em>(Einzelausstellung)<\/em><br \/>\n2005 St\u00e4dtische Galerie Ch\u00e2tellerault<br \/>\n2002 Galerie Arlette Gimaray (Paris)<br \/>\n2001 Maison Elsa Triolet-Aragon, Installation im Park<br \/>\n2000 Salon de l\u2019Eph\u00e9m\u00e8re, Fontenay-sous-Bois, Installation im \u00f6ffentlichen\u00a0Raum<br \/>\n1998 Ch\u00e2teau de Saint Ouen<br \/>\n1997 Krankenhaus Charles Foix, Ivry sur Seine, Installation im Garten<br \/>\n1996 Beteiligung an der Organisation einer Ausstellung von 50 K\u00fcnstlern im Geb\u00e4ude Colonel Fabien, Paris<br \/>\n1995 Ecole Nationale Sup\u00e9rieure des Beaux Arts, Paris<br \/>\n1994 Installation einer monumentalen Skulptur in der Basilika des Kosters Knechtsteden <em>(Einzelausstellung)<\/em><br \/>\n1992 \u201crencontres de Paris\u201d<br \/>\n1991 deutsch-franz\u00f6sisches Symposium in Chauvigny<br \/>\n1990 Ch\u00e2teau d\u2019Harcourt in Chauvigny <em>(Einzelausstellung)\u00a0<span style=\"font-style: normal;\">Kulturzentrum Bagnolet<\/span><\/em><br \/>\n1987 Deutsch-franz\u00f6sisches Symposium im Wasserschloss Glatt<br \/>\n1986 Centre National des Arts Plastiques, Paris\u00a0Kulturzentrum Sens<br \/>\n1985 \u201cMenschenrechtstage\u201d, Paris<br \/>\n1984 Maison des Beaux Arts, Paris<\/p>\n<p><strong>Gemeinschaftsprojekte mit dem K\u00fcnstlerkollektiv\u201cAu fond \u00e0 gauche\u201d<\/strong><\/p>\n<p>2003-2004 verschiedene thematische Ausstellungen f\u00fcr das Landesarchiv\u00a0Seine-St-Denis<br \/>\n2001 Festival Soulac (visuelle Identit\u00e4t)<br \/>\n1999 \u00ab Der Louvre zieht um &#8230; \u00bb (Organisation, Realisation\u00a0einer thematischen Ausstellung)<\/p>\n<p><strong>Arbeiten mit Porzellan<\/strong><\/p>\n<p>2006 \u2013 2009 Gastk\u00fcnstler in der Manufaktur Deshouli\u00e8res, Chauvigny<br \/>\n2005 Gastk\u00fcnstler in der Staatlichen Manufaktur S\u00e8vres, Paris<\/p>\n<p><strong><span style=\"font-weight: normal;\"><br \/>\n<\/span><\/strong><\/p>\n","protected":false},"excerpt":{"rendered":"<p>Pas de deux Finissage in Anwesenheit der K\u00fcnstler 7. August 2010 14 &#8211; 17h Ausstellungsdauer 11. Juli \u00a0bis 07. August 2010 Eva Aurich Eva Aurichs Atelier befindet sich inmitten einer grossz\u00fcgigen, relativ unber\u00fchrten Natur. Sie arbeitet in der Natur: Der Wald, die Wiesen und Felder sind ihr Arbeitsbereich. Sammeln: Mit Fotoapparat, Mikroskop, Schwarzweissvergr\u00f6sserer, Lochkamera, Zeichenutensilien, [&hellip;]<\/p>\n","protected":false},"author":1,"featured_media":0,"comment_status":"open","ping_status":"open","sticky":false,"template":"","format":"standard","meta":[],"categories":[1],"tags":[],"_links":{"self":[{"href":"http:\/\/www.2010raum3.de\/index.php?rest_route=\/wp\/v2\/posts\/36"}],"collection":[{"href":"http:\/\/www.2010raum3.de\/index.php?rest_route=\/wp\/v2\/posts"}],"about":[{"href":"http:\/\/www.2010raum3.de\/index.php?rest_route=\/wp\/v2\/types\/post"}],"author":[{"embeddable":true,"href":"http:\/\/www.2010raum3.de\/index.php?rest_route=\/wp\/v2\/users\/1"}],"replies":[{"embeddable":true,"href":"http:\/\/www.2010raum3.de\/index.php?rest_route=%2Fwp%2Fv2%2Fcomments&post=36"}],"version-history":[{"count":44,"href":"http:\/\/www.2010raum3.de\/index.php?rest_route=\/wp\/v2\/posts\/36\/revisions"}],"predecessor-version":[{"id":38,"href":"http:\/\/www.2010raum3.de\/index.php?rest_route=\/wp\/v2\/posts\/36\/revisions\/38"}],"wp:attachment":[{"href":"http:\/\/www.2010raum3.de\/index.php?rest_route=%2Fwp%2Fv2%2Fmedia&parent=36"}],"wp:term":[{"taxonomy":"category","embeddable":true,"href":"http:\/\/www.2010raum3.de\/index.php?rest_route=%2Fwp%2Fv2%2Fcategories&post=36"},{"taxonomy":"post_tag","embeddable":true,"href":"http:\/\/www.2010raum3.de\/index.php?rest_route=%2Fwp%2Fv2%2Ftags&post=36"}],"curies":[{"name":"wp","href":"https:\/\/api.w.org\/{rel}","templated":true}]}}