{"id":1,"date":"2010-03-09T00:19:02","date_gmt":"2010-03-08T23:19:02","guid":{"rendered":"http:\/\/www.2010raum3.de\/raum3\/?p=1"},"modified":"2010-05-10T13:23:22","modified_gmt":"2010-05-10T12:23:22","slug":"hallo-welt","status":"publish","type":"post","link":"http:\/\/www.2010raum3.de\/?p=1","title":{"rendered":"<font color=\"#FECE27\"> J\u00fcrgen Paas <font class=\"undzeichen\">&#038;<\/font> Meinhard Siegel Trio<\/font>"},"content":{"rendered":"<blockquote>\n<p style=\"text-align: center;\"><strong><em>POP und JAZZ<\/em><\/strong><\/p>\n<p style=\"text-align: center;\"><strong><em><br \/>\n<\/em><\/strong><\/p>\n<\/blockquote>\n<p style=\"text-align: center;\">Vernissage 20. Dezember 2009 11 &#8211; 18h<\/p>\n<p style=\"text-align: center;\">Ausstellungsdauer 20. Dezember 2009 bis 09. Januar 2010<\/p>\n<p style=\"text-align: center;\"><strong><span style=\"font-weight: normal;\"><br \/>\n<\/span><\/strong><\/p>\n<p><strong><em> <\/em><\/strong><br \/>\nDas <strong>Meinhard Siegel Trio<\/strong> konzentriert sich in seinem Repertoire auf zwei Schwerpunkte. Da sind zum einen die speziell f\u00fcr das Trio erarbeiteten Kompositionen des Bandleaders Meinhard Siegel. Hier steht der ebenso intime wie homogene Sound des Trios im Vordergrund.<br \/>\nDie erste CD des Meinhard Siegel Trios \u201eA new Room\u201c wird ausschlie\u00dflich aus diesem Teil des Programms bestehen. Die Ver\u00f6ffentlichung ist f\u00fcr das sp\u00e4te Fr\u00fchjahr 2009 geplant.<\/p>\n<p>Ein zweites zentrales Thema im Repertoire der Band ist die popul\u00e4re Musik der 60er und 70er Jahre des zwanzigsten Jahrhunderts. Dabei kennt das Trio keine Ber\u00fchrungs\u00e4ngste. \u201eViele Titel aus dieser Zeit haben das Potential zum Jazz-Standard zu werden\u201c so Meinhard Siegel, \u201eman muss sie nur neu entdecken.\u201c<\/p>\n<p>So findet man im Repertoire des Trios beispielsweise Interpretation von Paint it black (Jagger\/Richards), Nothing Rhymed (Gilbert O`Sullivan), Norwegian Wood (Lennon\/McCartney), Another Star (Stevie Wonder) oder Vem kann segla, einer schwedischen Volksweise.<\/p>\n<p><strong>Meinhard Siegel<\/strong> (Piano)<\/p>\n<p>geboren am 27.10.1953 in Essen, arbeitet seit 1969 unter verschiedenen Pseudonymen als Bandleader, Komponist, Pianist, Arrangeur und Produzent. Meinhard Siegel ist verheiratet und Vater von zwei T\u00f6chtern.<\/p>\n<p>Meinhard Siegel spielte Piano in folgenden Formationen:<\/p>\n<p>1969 &#8211; 1971 Travailling Glutton<br \/>\n1971 &#8211; 1972 Molle und die Molletows<br \/>\n1973 &#8211; 1977 Erich Siegel Swingtett<br \/>\n1978 &#8211; 1982 H\u00f6rb Ares<br \/>\n1978 &#8211; 1983 Erich Siegel Big Band<br \/>\n1983 &#8211; 1995 Ren\u00e9 Siegel&#8217;s Erfrischungen<br \/>\n1997 &#8211; 1998 Soul Butchers<br \/>\nseit 2001 Meinhard Siegel Trio<\/p>\n<p><strong>Theo Giebels<\/strong> (Bass)<\/p>\n<p>geb. am 23.7.1950 in Essen, studierte von 1971 bis 1975 an der Kunstakademie in D\u00fcsseldorf. Er arbeitet seit 1979 als Kunstp\u00e4dagoge, freier Zeichner und Maler. Theo Giebels ist verheiratet und Vater einer Tochter.<\/p>\n<p>Theo Giebels spielte Bass in folgenden Formationen:<\/p>\n<p>1969 &#8211; 1971 Travailling Glutton<br \/>\n1971 &#8211; 1972 Molle und die Molletows<br \/>\n1975 &#8211; 1977 Erich Siegel Swingtett<br \/>\n1981 &#8211; 1982 Erich Siegel Big Band<br \/>\n1991 &#8211; 1995 Erich Siegel Set<br \/>\n1983 &#8211; 1995 Ren\u00e9 Siegel&#8217;s Erfrischungen<br \/>\nseit 2001 Meinhard Siegel Trio<br \/>\nseit 2002 Heri Mickles Trio<\/p>\n<p>Theo Giebels spielt einen bundlosen akkustischen Gitarren-Bass. Offensichtliche Besonderheit ist die vertikale Spielweise wie bei einem Cello, die der nachtr\u00e4glicher Einbau eines Stand-Sporns erm\u00f6glicht, wie ihn eben diese Streichinstrumente aufweisen.<\/p>\n<p>Der Bass stammt aus der Fertigung des Duisburger Gitarrenbauers Christoph Feistauer.<\/p>\n<p><strong>Andreas K\u00fcster<\/strong> (Schlagzeug)<\/p>\n<p>geb. am 3.8.1956 in Essen, studierte von 1977 bis 1981 an der Essener Folkwangschule Visuelle Kommunikation mit Schwerpunkt audio-visuelle Medien. Seit 1981 arbeitet er als freier Kameramann und Steadicam Operator sowie als Photograph.<\/p>\n<p>Andreas K\u00fcster spielte Schlagzeug in folgenden Formationen:<\/p>\n<p>1974 &#8211; 1976 Kurt Sch\u00f6nwald Trio<br \/>\n1977 &#8211; 1978 Ein M\u00e4nnlein steht im Walde<br \/>\n1977 &#8211; 1979 Cham\u00e4leon<br \/>\n1979 &#8211; 1980 Muse<br \/>\n1980 &#8211; 1984 Walter h.c. Meier Pumpe<br \/>\n1981 &#8211; 1983 Erich Siegel Big Band<br \/>\n1982 &#8211; 1985 Some Old Friends<br \/>\n1983 &#8211; 1995 Ren\u00e9 Siegel`s Erfrischungen<br \/>\nseit 2001 Meinhard Siegel Trio<\/p>\n<p>Andreas K\u00fcster spielt ein Sonor Force 3007 Set (8&#8243; 10&#8243; 14&#8243; 18&#8243;) und Becken von Paiste, Ufip und Zildjian.<\/p>\n<div id='gallery-1' class='gallery galleryid-1 gallery-columns-4 gallery-size-thumbnail'><figure class='gallery-item'>\n\t\t\t<div class='gallery-icon landscape'>\n\t\t\t\t<a href='http:\/\/www.2010raum3.de\/wp-content\/uploads\/2010\/03\/Meinhard_Siegel_Trio_2009_JAZZ_POP7.jpg'><img width=\"150\" height=\"150\" src=\"http:\/\/www.2010raum3.de\/wp-content\/uploads\/2010\/03\/Meinhard_Siegel_Trio_2009_JAZZ_POP7-150x150.jpg\" class=\"attachment-thumbnail size-thumbnail\" alt=\"\" loading=\"lazy\" \/><\/a>\n\t\t\t<\/div><\/figure><figure class='gallery-item'>\n\t\t\t<div class='gallery-icon landscape'>\n\t\t\t\t<a href='http:\/\/www.2010raum3.de\/wp-content\/uploads\/2010\/03\/Meinhard_Siegel_Trio_2009_JAZZ_POP2.jpg'><img width=\"150\" height=\"150\" src=\"http:\/\/www.2010raum3.de\/wp-content\/uploads\/2010\/03\/Meinhard_Siegel_Trio_2009_JAZZ_POP2-150x150.jpg\" class=\"attachment-thumbnail size-thumbnail\" alt=\"\" loading=\"lazy\" \/><\/a>\n\t\t\t<\/div><\/figure><figure class='gallery-item'>\n\t\t\t<div class='gallery-icon landscape'>\n\t\t\t\t<a href='http:\/\/www.2010raum3.de\/wp-content\/uploads\/2010\/03\/Meinhard_Siegel_Trio_2009_JAZZ_POP5.jpg'><img width=\"150\" height=\"150\" src=\"http:\/\/www.2010raum3.de\/wp-content\/uploads\/2010\/03\/Meinhard_Siegel_Trio_2009_JAZZ_POP5-150x150.jpg\" class=\"attachment-thumbnail size-thumbnail\" alt=\"\" loading=\"lazy\" \/><\/a>\n\t\t\t<\/div><\/figure><figure class='gallery-item'>\n\t\t\t<div class='gallery-icon landscape'>\n\t\t\t\t<a href='http:\/\/www.2010raum3.de\/wp-content\/uploads\/2010\/03\/Meinhard_Siegel_Trio_2009_JAZZ_POP6.jpg'><img width=\"150\" height=\"150\" src=\"http:\/\/www.2010raum3.de\/wp-content\/uploads\/2010\/03\/Meinhard_Siegel_Trio_2009_JAZZ_POP6-150x150.jpg\" class=\"attachment-thumbnail size-thumbnail\" alt=\"\" loading=\"lazy\" \/><\/a>\n\t\t\t<\/div><\/figure><figure class='gallery-item'>\n\t\t\t<div class='gallery-icon landscape'>\n\t\t\t\t<a href='http:\/\/www.2010raum3.de\/wp-content\/uploads\/2010\/03\/Meinhard_Siegel_Trio_2009_JAZZ_POP3.jpg'><img width=\"150\" height=\"150\" src=\"http:\/\/www.2010raum3.de\/wp-content\/uploads\/2010\/03\/Meinhard_Siegel_Trio_2009_JAZZ_POP3-150x150.jpg\" class=\"attachment-thumbnail size-thumbnail\" alt=\"\" loading=\"lazy\" \/><\/a>\n\t\t\t<\/div><\/figure><figure class='gallery-item'>\n\t\t\t<div class='gallery-icon landscape'>\n\t\t\t\t<a href='http:\/\/www.2010raum3.de\/wp-content\/uploads\/2010\/03\/Meinhard_Siegel_Trio_2009_JAZZ_POP1.jpg'><img width=\"150\" height=\"150\" src=\"http:\/\/www.2010raum3.de\/wp-content\/uploads\/2010\/03\/Meinhard_Siegel_Trio_2009_JAZZ_POP1-150x150.jpg\" class=\"attachment-thumbnail size-thumbnail\" alt=\"\" loading=\"lazy\" \/><\/a>\n\t\t\t<\/div><\/figure><figure class='gallery-item'>\n\t\t\t<div class='gallery-icon landscape'>\n\t\t\t\t<a href='http:\/\/www.2010raum3.de\/wp-content\/uploads\/2010\/03\/Der_Fotograf_ERWIN_WIEMER.jpg'><img width=\"150\" height=\"150\" src=\"http:\/\/www.2010raum3.de\/wp-content\/uploads\/2010\/03\/Der_Fotograf_ERWIN_WIEMER-150x150.jpg\" class=\"attachment-thumbnail size-thumbnail\" alt=\"\" loading=\"lazy\" srcset=\"http:\/\/www.2010raum3.de\/wp-content\/uploads\/2010\/03\/Der_Fotograf_ERWIN_WIEMER-150x150.jpg 150w, http:\/\/www.2010raum3.de\/wp-content\/uploads\/2010\/03\/Der_Fotograf_ERWIN_WIEMER-300x300.jpg 300w, http:\/\/www.2010raum3.de\/wp-content\/uploads\/2010\/03\/Der_Fotograf_ERWIN_WIEMER.jpg 567w\" sizes=\"(max-width: 150px) 100vw, 150px\" \/><\/a>\n\t\t\t<\/div><\/figure><figure class='gallery-item'>\n\t\t\t<div class='gallery-icon landscape'>\n\t\t\t\t<a href='http:\/\/www.2010raum3.de\/wp-content\/uploads\/2010\/03\/Meinhard_Siegel_Trio_2009_JAZZ_POP4.jpg'><img width=\"150\" height=\"150\" src=\"http:\/\/www.2010raum3.de\/wp-content\/uploads\/2010\/03\/Meinhard_Siegel_Trio_2009_JAZZ_POP4-150x150.jpg\" class=\"attachment-thumbnail size-thumbnail\" alt=\"\" loading=\"lazy\" \/><\/a>\n\t\t\t<\/div><\/figure><figure class='gallery-item'>\n\t\t\t<div class='gallery-icon landscape'>\n\t\t\t\t<a href='http:\/\/www.2010raum3.de\/wp-content\/uploads\/2010\/03\/J\u00fcrgen-Paas_POP8_2008.jpg'><img width=\"150\" height=\"150\" src=\"http:\/\/www.2010raum3.de\/wp-content\/uploads\/2010\/03\/J\u00fcrgen-Paas_POP8_2008-150x150.jpg\" class=\"attachment-thumbnail size-thumbnail\" alt=\"\" loading=\"lazy\" \/><\/a>\n\t\t\t<\/div><\/figure><figure class='gallery-item'>\n\t\t\t<div class='gallery-icon portrait'>\n\t\t\t\t<a href='http:\/\/www.2010raum3.de\/wp-content\/uploads\/2010\/03\/J\u00fcrgen-Paas_POP9_2008.jpg'><img width=\"150\" height=\"150\" src=\"http:\/\/www.2010raum3.de\/wp-content\/uploads\/2010\/03\/J\u00fcrgen-Paas_POP9_2008-150x150.jpg\" class=\"attachment-thumbnail size-thumbnail\" alt=\"\" loading=\"lazy\" \/><\/a>\n\t\t\t<\/div><\/figure><figure class='gallery-item'>\n\t\t\t<div class='gallery-icon landscape'>\n\t\t\t\t<a href='http:\/\/www.2010raum3.de\/wp-content\/uploads\/2010\/03\/J\u00fcrgen-Paas_POP7_2008.jpg'><img width=\"150\" height=\"150\" src=\"http:\/\/www.2010raum3.de\/wp-content\/uploads\/2010\/03\/J\u00fcrgen-Paas_POP7_2008-150x150.jpg\" class=\"attachment-thumbnail size-thumbnail\" alt=\"\" loading=\"lazy\" \/><\/a>\n\t\t\t<\/div><\/figure><figure class='gallery-item'>\n\t\t\t<div class='gallery-icon landscape'>\n\t\t\t\t<a href='http:\/\/www.2010raum3.de\/wp-content\/uploads\/2010\/03\/J\u00fcrgen-Paas_POP3_2008.jpg'><img width=\"150\" height=\"150\" src=\"http:\/\/www.2010raum3.de\/wp-content\/uploads\/2010\/03\/J\u00fcrgen-Paas_POP3_2008-150x150.jpg\" class=\"attachment-thumbnail size-thumbnail\" alt=\"\" loading=\"lazy\" \/><\/a>\n\t\t\t<\/div><\/figure><figure class='gallery-item'>\n\t\t\t<div class='gallery-icon landscape'>\n\t\t\t\t<a href='http:\/\/www.2010raum3.de\/wp-content\/uploads\/2010\/03\/J\u00fcrgen-Paas_POP2_2009.jpg'><img width=\"150\" height=\"150\" src=\"http:\/\/www.2010raum3.de\/wp-content\/uploads\/2010\/03\/J\u00fcrgen-Paas_POP2_2009-150x150.jpg\" class=\"attachment-thumbnail size-thumbnail\" alt=\"\" loading=\"lazy\" \/><\/a>\n\t\t\t<\/div><\/figure><figure class='gallery-item'>\n\t\t\t<div class='gallery-icon portrait'>\n\t\t\t\t<a href='http:\/\/www.2010raum3.de\/wp-content\/uploads\/2010\/03\/J\u00fcrgen-Paas_BLACK-SQUARE_2008.jpg'><img width=\"150\" height=\"150\" src=\"http:\/\/www.2010raum3.de\/wp-content\/uploads\/2010\/03\/J\u00fcrgen-Paas_BLACK-SQUARE_2008-150x150.jpg\" class=\"attachment-thumbnail size-thumbnail\" alt=\"\" loading=\"lazy\" \/><\/a>\n\t\t\t<\/div><\/figure><figure class='gallery-item'>\n\t\t\t<div class='gallery-icon landscape'>\n\t\t\t\t<a href='http:\/\/www.2010raum3.de\/wp-content\/uploads\/2010\/03\/J\u00fcrgen-Paas_POP_2008.jpg'><img width=\"150\" height=\"150\" src=\"http:\/\/www.2010raum3.de\/wp-content\/uploads\/2010\/03\/J\u00fcrgen-Paas_POP_2008-150x150.jpg\" class=\"attachment-thumbnail size-thumbnail\" alt=\"\" loading=\"lazy\" srcset=\"http:\/\/www.2010raum3.de\/wp-content\/uploads\/2010\/03\/J\u00fcrgen-Paas_POP_2008-150x150.jpg 150w, http:\/\/www.2010raum3.de\/wp-content\/uploads\/2010\/03\/J\u00fcrgen-Paas_POP_2008-300x300.jpg 300w, http:\/\/www.2010raum3.de\/wp-content\/uploads\/2010\/03\/J\u00fcrgen-Paas_POP_2008.jpg 567w\" sizes=\"(max-width: 150px) 100vw, 150px\" \/><\/a>\n\t\t\t<\/div><\/figure><figure class='gallery-item'>\n\t\t\t<div class='gallery-icon landscape'>\n\t\t\t\t<a href='http:\/\/www.2010raum3.de\/wp-content\/uploads\/2010\/03\/J\u00fcrgen-Paas_HELIX_2008.jpg'><img width=\"150\" height=\"150\" src=\"http:\/\/www.2010raum3.de\/wp-content\/uploads\/2010\/03\/J\u00fcrgen-Paas_HELIX_2008-150x150.jpg\" class=\"attachment-thumbnail size-thumbnail\" alt=\"\" loading=\"lazy\" srcset=\"http:\/\/www.2010raum3.de\/wp-content\/uploads\/2010\/03\/J\u00fcrgen-Paas_HELIX_2008-150x150.jpg 150w, http:\/\/www.2010raum3.de\/wp-content\/uploads\/2010\/03\/J\u00fcrgen-Paas_HELIX_2008-300x300.jpg 300w, http:\/\/www.2010raum3.de\/wp-content\/uploads\/2010\/03\/J\u00fcrgen-Paas_HELIX_2008.jpg 567w\" sizes=\"(max-width: 150px) 100vw, 150px\" \/><\/a>\n\t\t\t<\/div><\/figure><figure class='gallery-item'>\n\t\t\t<div class='gallery-icon landscape'>\n\t\t\t\t<a href='http:\/\/www.2010raum3.de\/wp-content\/uploads\/2010\/03\/J\u00fcrgen-Paas_KINO_2008.jpg'><img width=\"150\" height=\"150\" src=\"http:\/\/www.2010raum3.de\/wp-content\/uploads\/2010\/03\/J\u00fcrgen-Paas_KINO_2008-150x150.jpg\" class=\"attachment-thumbnail size-thumbnail\" alt=\"\" loading=\"lazy\" srcset=\"http:\/\/www.2010raum3.de\/wp-content\/uploads\/2010\/03\/J\u00fcrgen-Paas_KINO_2008-150x150.jpg 150w, http:\/\/www.2010raum3.de\/wp-content\/uploads\/2010\/03\/J\u00fcrgen-Paas_KINO_2008-300x300.jpg 300w, http:\/\/www.2010raum3.de\/wp-content\/uploads\/2010\/03\/J\u00fcrgen-Paas_KINO_2008.jpg 567w\" sizes=\"(max-width: 150px) 100vw, 150px\" \/><\/a>\n\t\t\t<\/div><\/figure><figure class='gallery-item'>\n\t\t\t<div class='gallery-icon landscape'>\n\t\t\t\t<a href='http:\/\/www.2010raum3.de\/wp-content\/uploads\/2010\/03\/J\u00fcrgen-Paas_POP2_2008.jpg'><img width=\"150\" height=\"150\" src=\"http:\/\/www.2010raum3.de\/wp-content\/uploads\/2010\/03\/J\u00fcrgen-Paas_POP2_2008-150x150.jpg\" class=\"attachment-thumbnail size-thumbnail\" alt=\"\" loading=\"lazy\" \/><\/a>\n\t\t\t<\/div><\/figure><figure class='gallery-item'>\n\t\t\t<div class='gallery-icon portrait'>\n\t\t\t\t<a href='http:\/\/www.2010raum3.de\/wp-content\/uploads\/2010\/03\/6.3.Fettes-Rot.jpg'><img width=\"150\" height=\"150\" src=\"http:\/\/www.2010raum3.de\/wp-content\/uploads\/2010\/03\/6.3.Fettes-Rot-150x150.jpg\" class=\"attachment-thumbnail size-thumbnail\" alt=\"\" loading=\"lazy\" \/><\/a>\n\t\t\t<\/div><\/figure><figure class='gallery-item'>\n\t\t\t<div class='gallery-icon portrait'>\n\t\t\t\t<a href='http:\/\/www.2010raum3.de\/wp-content\/uploads\/2010\/03\/J\u00fcrgen-Paas_POP\u2013MUSEUM_RITTER_-2008.jpg'><img width=\"150\" height=\"150\" src=\"http:\/\/www.2010raum3.de\/wp-content\/uploads\/2010\/03\/J\u00fcrgen-Paas_POP\u2013MUSEUM_RITTER_-2008-150x150.jpg\" class=\"attachment-thumbnail size-thumbnail\" alt=\"\" loading=\"lazy\" \/><\/a>\n\t\t\t<\/div><\/figure>\n\t\t<\/div>\n\n<p><strong>J\u00fcrgen Paas<\/strong> l\u00e4sst sich in seiner Arbeit nur schwer auf klassische Kategorien der Bildenden Kunst festlegen. Er geht zwar mit seinen monochrom gestalteten Bildtafeln von einer malerischen Position aus, doch bringt er sie als Objekte in eine den Raum erfassende Ordnung und schafft damit Plastiken und schlussendlich eine Rauminstallation. Seine Arbeiten &#8211; Rechtecke, Kuben, Quadrate und Kreise &#8211; k\u00f6nnen f\u00fcr sich allein stehen, sind aber durch ihren Bezug zum Umraum zugleich auch Komponenten eines Gesamtkunstwerks. Hildegard Reh, Galerie Contemporanea<\/p>\n<div id=\"_mcePaste\">\n<p><strong>Biographie<\/strong><\/p>\n<div id=\"_mcePaste\"><strong><span style=\"font-weight: normal;\">1958 geboren in Krefeld<\/span><\/p>\n<p><\/strong><\/p>\n<div id=\"_mcePaste\"><strong><span style=\"font-weight: normal;\">1981 \u2013 1987 Studium an der Hochschule Essen bei L\u00e1szl\u00f3 Lakner, Rudolf Vombeck und<\/span><br \/>\n<\/strong><\/p>\n<div id=\"_mcePaste\"><strong><span style=\"font-weight: normal;\">Franz Rudolf Knubel<\/span><br \/>\n<\/strong><\/p>\n<div id=\"_mcePaste\"><strong><span style=\"font-weight: normal;\">1991 \u2013 1992 \u00c9cole Nationale Sup\u00e9rieure des Beaux-Arts bei Jan Voss, Paris<\/span><br \/>\n<\/strong><\/p>\n<div id=\"_mcePaste\"><strong><span style=\"font-weight: normal;\">2001 Lehrauftrag f\u00fcr Malerei am Institut f\u00fcr Kunst und ihre Didaktik, Universit\u00e4t Dortmund<\/span><br \/>\n<\/strong><\/p>\n<div id=\"_mcePaste\"><strong><span style=\"font-weight: normal;\">1995 \u2013 2002 Lehrauftrag f\u00fcr Bildnerische Experimente an der Hochschule Essen<\/span><br \/>\n<\/strong><\/p>\n<div id=\"_mcePaste\"><strong><span style=\"font-weight: normal;\">2002 \u2013 2003 Professur f\u00fcr Malerei am Institut f\u00fcr Kunst und Kunsttheorie an der Universit\u00e4t zu K\u00f6ln<\/span><\/p>\n<p><\/strong><\/p>\n<div id=\"_mcePaste\"><strong><span style=\"font-weight: normal;\">1989 Arbeitsstipendium des Deutsch-Franz\u00f6sischen Jugendwerks<\/span><br \/>\n<\/strong><\/p>\n<div id=\"_mcePaste\"><strong><span style=\"font-weight: normal;\">1989 \u2013 1991 Stiftung Cit\u00e9 International des Arts, Paris<\/span><br \/>\n<\/strong><\/p>\n<div id=\"_mcePaste\"><strong><span style=\"font-weight: normal;\">1991 Arbeitsstipendium des Kultusministeriums des Landes Schleswig-Holstein<\/span><br \/>\n<\/strong><\/p>\n<div id=\"_mcePaste\"><strong><span style=\"font-weight: normal;\">1991 \u2013 1992 DAAD \u2013 Jahresstipendium, Frankreich<\/span><br \/>\n<\/strong><\/p>\n<div id=\"_mcePaste\"><strong><span style=\"font-weight: normal;\">Artiste r\u00e9sident CREDAC, Centre d\u2019Art Contemporain, Ivry-sur-Seine\/Paris<\/span><br \/>\n<\/strong><\/p>\n<div id=\"_mcePaste\"><strong><span style=\"font-weight: normal;\">1992 Malerei \u2013 Preis der Ursula-Blickle-Stiftung, Kraichtal u. Wien<\/span><br \/>\n<\/strong><\/p>\n<div id=\"_mcePaste\"><strong><span style=\"font-weight: normal;\">1992 \u2013 1994 Arbeitsstipendium der Sutter-Gruppe, Essen<\/span><br \/>\n<\/strong><\/p>\n<div id=\"_mcePaste\"><strong><span style=\"font-weight: normal;\">1996 Stipendium der Studienstiftung des Dt. Volkes f\u00fcr das<\/span><br \/>\n<\/strong><\/p>\n<div id=\"_mcePaste\"><strong><span style=\"font-weight: normal;\">Deutsche Studienzentrum Venedig<\/span><br \/>\n<\/strong><\/p>\n<div id=\"_mcePaste\"><strong><span style=\"font-weight: normal;\">1997 TRANSFER \u2013 Stipendium des Landes NRW<\/span><br \/>\n<\/strong><\/p>\n<div id=\"_mcePaste\"><strong><span style=\"font-weight: normal;\">1999 Stiftung Cit\u00e9 International des Arts, Paris<\/span><br \/>\n<\/strong><\/p>\n<div id=\"_mcePaste\"><strong><span style=\"font-weight: normal;\">2000 Formprinzip Farbe \u2013 Preis der Volksbank Gelsenkirchen f\u00fcr Malerei<\/span><br \/>\n<\/strong><\/p>\n<div id=\"_mcePaste\"><strong><span style=\"font-weight: normal;\">2005 Arbeitsstipendium Hooksiel<\/span><br \/>\n<\/strong><\/p>\n<div id=\"_mcePaste\"><strong><span style=\"font-weight: normal;\">2006 Malerei \u2013 Sickingen Kunstpreis des Landkreises Kaiserslautern f\u00fcr Maler<\/span><\/p>\n<p><\/strong><\/p>\n<div id=\"_mcePaste\"><strong><\/p>\n<div id=\"_mcePaste\"><span style=\"font-weight: normal;\">lebt und arbeitet in Essen<\/span><\/div>\n<p><strong>Einzelausstellungen (Auswahl ab 1999)<\/strong><\/p>\n<p><\/strong><\/p>\n<\/div>\n<p><strong><span style=\"font-weight: normal;\">2010 Squares, circles, loops and dots\u2026 Lausberg Contemporary, Toronto<\/span><br \/>\n<span style=\"font-weight: normal;\">Short cuts ZWEIGSTELLE BERLIN<\/span><\/strong><\/p>\n<p><strong> <\/strong><\/p>\n<p><strong> <\/strong><\/p>\n<p><strong> <\/strong><\/p>\n<p><strong> <\/strong><\/p>\n<p><strong> <\/strong><\/p>\n<p><strong> <\/strong><\/p>\n<p><strong> <\/strong><\/p>\n<p><strong><\/p>\n<div><span style=\"font-weight: normal;\">2009 Crossover Galerie Refugium 2, Berlin<\/span><span style=\"white-space: pre;\"><span style=\"font-weight: normal;\"> <\/span><\/span><\/div>\n<div><span style=\"font-weight: normal;\">HYP<\/span><span style=\"font-weight: normal;\">ERARCHIV Kunstverein Ruhr, Essen<\/span><\/div>\n<div><span style=\"font-weight: normal;\">Display Kunstraum Westend, Frankfurt\/M.<\/span><\/div>\n<div><span style=\"font-weight: normal;\">Playtime Galerie Conteporanea, Oberbillig Trier<\/span><\/div>\n<div>\n<div><span style=\"font-weight: normal;\"><br \/>\n2008 Orange, Hellblau und Schwarz KUNSTRAUMNO.10, M\u00f6nchengladbach<\/span><\/div>\n<div><span style=\"font-weight: normal;\">POP Galerie Bengelstr\u00e4ter, Iserlohn u. D\u00fcsseldorf<\/span><\/div>\n<div><span style=\"font-weight: normal;\">Blaue B\u00fccher und andere Farben Kunstverein Bruchsal<\/span><\/div>\n<div><span style=\"font-weight: normal;\">F\u00fcnfter Juli Galerie Bernd A. Lausberg, D\u00fcsseldorf<\/span><\/div>\n<div><span style=\"font-weight: normal;\">KINO Galerie Christian Fochem, Krefeld<\/span><\/div>\n<\/div>\n<div>\n<div><span style=\"font-weight: normal;\"><br \/>\n2007 Kreise ziehen Galerie Linde Hollinger, Ladenburg*<\/span><\/div>\n<div><span style=\"font-weight: normal;\">Black Circle Galerie Garanin\/Raum3, Essen<\/span><\/div>\n<div><span style=\"font-weight: normal;\">HELIX I u. II NEUES PROBLEM BERLIN<\/span><\/div>\n<div><span style=\"font-weight: normal;\"><br \/>\n2006<\/span><span style=\"white-space: pre;\"><span style=\"font-weight: normal;\"> <\/span><\/span><span style=\"font-weight: normal;\">Index Kunsthalle Bremerhaven*<\/span><\/div>\n<div><span style=\"font-weight: normal;\">Bilder f\u00fcr VG Galerie Vordemberge-Gildewart, Osnabr\u00fcck<\/span><\/div>\n<div><span style=\"font-weight: normal;\">Black Box Kunstverein Schwerte<\/span><\/div>\n<div>\n<div><span style=\"font-weight: normal;\"><br \/>\n2005 Black Square Galerie Garanin, Essen<\/span><\/div>\n<div><span style=\"font-weight: normal;\">Ecken und Kanten Galerie Christian Fochem, Krefeld<\/span><\/div>\n<div><span style=\"font-weight: normal;\">Rom-Venedig-Hooksiel Kunstraum Hooksiel*<\/span><\/div>\n<div><span style=\"font-weight: normal;\"><br \/>\n2004 Krefelder H\u00e4ngung Kunstverein Krefeld*<\/span><\/div>\n<div><span style=\"font-weight: normal;\">Colourcube Galerie Ortart, N\u00fcrnberg<\/span><\/div>\n<div><span style=\"font-weight: normal;\">Colourcube II Galerie Angelo Falzone, Mannheim<\/span><\/div>\n<div><span style=\"font-weight: normal;\">Fettes Rot Galerie Bernd A. Lausberg, D\u00fcsseldorf<\/span><\/div>\n<div><span style=\"font-weight: normal;\"><br \/>\n2003 Farbarbeiten Alte Reichsabtei &#8211; Sammlung Kunst aus Nordrhein-Westfalen, Aachen-Kornelim\u00fcnster*<\/span><\/div>\n<div><span style=\"font-weight: normal;\">Auf keinen Fall ein Blumenstilleben, Galerie Bernd A. Lausberg, D\u00fcsseldorf<\/span><\/div>\n<div><span style=\"font-weight: normal;\">Neue Farbarbeiten, Art Studio 1, Deinste<\/span><\/div>\n<div><span style=\"font-weight: normal;\">Farbe-Material-Raum, Galerie Brhel, Schwerin<\/span><\/div>\n<div><span style=\"font-weight: normal;\">Aichachplateau Kunstverein Aichach*<\/span><\/div>\n<div><span style=\"font-weight: normal;\">F\u00fcnfzig Farben Kunstverein Heinsberg*<\/span><\/div>\n<div><span style=\"font-weight: normal;\">Garaninarchiv Galerie Garanin, Berlin<\/span><\/div>\n<div>\n<div><span style=\"font-weight: normal;\"><br \/>\n2002 M\u00fclheimblock Museum der Stadt M\u00fclheim*<\/span><\/div>\n<div><span style=\"font-weight: normal;\">Malerei Galerie Hellebrand, Duisburg<\/span><\/div>\n<div><span style=\"font-weight: normal;\">Jeu de couleurs Galerie januar, Bochum<\/span><\/div>\n<div><span style=\"font-weight: normal;\">Jeu des carr\u00e9s Galerie Angelo Falzone, Mannheim<\/span><\/div>\n<div>\n<div><span style=\"font-weight: normal;\"><br \/>\n2001 Dekalog Raum 3, Essen<\/span><\/div>\n<div><span style=\"font-weight: normal;\">Rot\u2013Gelb\u2013Blau Galerie S., Aachen*<\/span><\/div>\n<div><span style=\"font-weight: normal;\">In Betweens (m. Th. Deyle) Galerie Garanin, Berlin*<\/span><\/div>\n<div><span style=\"font-weight: normal;\">Schildern Demmel Kunstprojekte, Osnabr\u00fcck*<\/span><\/div>\n<\/div>\n<div>\n<div><span style=\"font-weight: normal;\"><br \/>\n2000 Barock Galerie Christian Fochem, Krefeld<\/span><\/div>\n<div><span style=\"font-weight: normal;\">Reminiszenzen I Kunstverein Siegen*<\/span><\/div>\n<div><span style=\"font-weight: normal;\">Reminiszenzen II Kunstverein Ahlen*<\/span><\/div>\n<div><span style=\"font-weight: normal;\">Farbarchive St\u00e4dt. Galerie Mainz<\/span><\/div>\n<div><span style=\"font-weight: normal;\">Here I am Galerie Garanin, Berlin<\/span><\/div>\n<\/div>\n<\/div>\n<div><span style=\"font-weight: normal;\"><br \/>\n1999<\/span><span style=\"white-space: pre;\"><span style=\"font-weight: normal;\"> <\/span><\/span><span style=\"font-weight: normal;\">Ein wei\u00dfer leerer Raum Kunstverein Unna*<\/span><\/div>\n<\/div>\n<\/div>\n<div><span style=\"white-space: pre;\"><span style=\"font-weight: normal;\"> <\/span><\/span><span style=\"font-weight: normal;\">Friedberger H\u00e4ngung Kunstverein Friedberg*<\/span><\/div>\n<div><span style=\"white-space: pre;\"><span style=\"font-weight: normal;\"> <\/span><\/span><span style=\"font-weight: normal;\">Osnabr\u00fccker Attit\u00fcde Galerie Kaumk\u00f6tter und Partner, Osnabr\u00fcck<br \/>\n<span style=\"font-weight: normal;\"><br \/>\n<\/span><\/span><\/div>\n<div><span style=\"white-space: pre;\"> <\/span>*Kataloge<\/div>\n<p><\/strong><\/p>\n<\/div>\n<p><strong> <\/strong><\/p>\n<\/div>\n<p><strong> <\/strong><\/p>\n<\/div>\n<p><strong> <\/strong><\/p>\n<\/div>\n<p><strong> <\/strong><\/p>\n<\/div>\n<p><strong> <\/strong><\/p>\n<\/div>\n<p><strong> <\/strong><\/p>\n<p><strong> <\/strong><\/p>\n<p><strong> <\/strong><\/p>\n<p><strong> <\/strong><\/p>\n<p><strong> <\/strong><\/p>\n<p><strong> <\/strong><\/p>\n<p><strong> <\/strong><\/p>\n<p><strong> <\/strong><\/p>\n<p><strong> <\/strong><\/p>\n<p><strong> <\/strong><\/p>\n<p><strong> <\/strong><\/p>\n<p><strong> <\/strong><\/p>\n<p><strong> <\/strong><\/p>\n<p><strong> <\/strong><\/p>\n<p><strong> <\/strong><\/p>\n<p><strong> <\/strong><\/p>\n<p><strong> <\/strong><\/p>\n<p><strong> <\/strong><\/p>\n<p><strong><\/p>\n<p style=\"text-align: center;\">\n<p style=\"text-align: center;\">\n<p style=\"text-align: center;\">\n<p style=\"text-align: left;\">\n<p><\/strong><\/p>\n<\/div>\n<\/div>\n<\/div>\n<\/div>\n<\/div>\n<\/div>\n<\/div>\n<\/div>\n<\/div>\n<\/div>\n<\/div>\n<\/div>\n<\/div>\n<\/div>\n<\/div>\n<\/div>\n","protected":false},"excerpt":{"rendered":"<p>POP und JAZZ Vernissage 20. Dezember 2009 11 &#8211; 18h Ausstellungsdauer 20. Dezember 2009 bis 09. Januar 2010 Das Meinhard Siegel Trio konzentriert sich in seinem Repertoire auf zwei Schwerpunkte. Da sind zum einen die speziell f\u00fcr das Trio erarbeiteten Kompositionen des Bandleaders Meinhard Siegel. Hier steht der ebenso intime wie homogene Sound des Trios [&hellip;]<\/p>\n","protected":false},"author":1,"featured_media":0,"comment_status":"open","ping_status":"open","sticky":false,"template":"","format":"standard","meta":[],"categories":[1],"tags":[],"_links":{"self":[{"href":"http:\/\/www.2010raum3.de\/index.php?rest_route=\/wp\/v2\/posts\/1"}],"collection":[{"href":"http:\/\/www.2010raum3.de\/index.php?rest_route=\/wp\/v2\/posts"}],"about":[{"href":"http:\/\/www.2010raum3.de\/index.php?rest_route=\/wp\/v2\/types\/post"}],"author":[{"embeddable":true,"href":"http:\/\/www.2010raum3.de\/index.php?rest_route=\/wp\/v2\/users\/1"}],"replies":[{"embeddable":true,"href":"http:\/\/www.2010raum3.de\/index.php?rest_route=%2Fwp%2Fv2%2Fcomments&post=1"}],"version-history":[{"count":62,"href":"http:\/\/www.2010raum3.de\/index.php?rest_route=\/wp\/v2\/posts\/1\/revisions"}],"predecessor-version":[{"id":11,"href":"http:\/\/www.2010raum3.de\/index.php?rest_route=\/wp\/v2\/posts\/1\/revisions\/11"}],"wp:attachment":[{"href":"http:\/\/www.2010raum3.de\/index.php?rest_route=%2Fwp%2Fv2%2Fmedia&parent=1"}],"wp:term":[{"taxonomy":"category","embeddable":true,"href":"http:\/\/www.2010raum3.de\/index.php?rest_route=%2Fwp%2Fv2%2Fcategories&post=1"},{"taxonomy":"post_tag","embeddable":true,"href":"http:\/\/www.2010raum3.de\/index.php?rest_route=%2Fwp%2Fv2%2Ftags&post=1"}],"curies":[{"name":"wp","href":"https:\/\/api.w.org\/{rel}","templated":true}]}}